{"id":170,"date":"2014-11-26T22:18:59","date_gmt":"2014-11-26T20:18:59","guid":{"rendered":"http:\/\/savvusann.ee\/?p=170"},"modified":"2018-04-14T22:21:19","modified_gmt":"2018-04-14T19:21:19","slug":"vana-voromaa-suitsusaunakombestik-kanti-unesco-vaimse-kultuuriparandi-esindusnimekirja","status":"publish","type":"post","link":"https:\/\/savvusann.ee\/et\/vana-voromaa-suitsusaunakombestik-kanti-unesco-vaimse-kultuuriparandi-esindusnimekirja\/","title":{"rendered":"Vana-V\u00f5romaa suitsusaunakombestik kanti UNESCO vaimse kultuurip\u00e4randi esindusnimekirja"},"content":{"rendered":"<p>Kultuuriministeeriumi,<\/p>\n<p>Vana-V\u00f5romaa suitsusaunade koost\u00f6\u00f6kogu ja<\/p>\n<p>UNESCO Eesti Rahvusliku Komisjoni pressiteade<\/p>\n<p>27.11.2014<\/p>\n<p><strong>Vana-V\u00f5romaa suitsusaunakombestik kanti UNESCO vaimse kultuurip\u00e4randi esindusnimekirja<\/strong><\/p>\n<p><strong>Pariisis toimuval UNESCO vaimse kultuurip\u00e4randi komitee istungil otsustati kanda V\u00f5romaa <\/strong><strong>suitsusaunakombestik UNESCO vaimse p\u00e4randi esindusnimekirja. Taotluse selleks esitas Eesti riik UNESCOle eelmise aasta m\u00e4rtsis.<\/strong><\/p>\n<p>\u201eEesti kultuuri eluj\u00f5ulisus avaldub eriti ehedalt vaimses p\u00e4randis, mida antakse p\u00f5lvest p\u00f5lve edasi. V\u00f5rokeste suitsusaunakombestiku kandmine UNESCO esindusnimekirja toetab traditsiooni kestmist ning toob sellele rahvusvahelist t\u00e4helepanu,\u201c \u00fctles kultuuriminister <strong>Urve Tiidus<\/strong>. \u201eUNESCO tunnustuse \u00fcle saavad r\u00f5\u00f5mu tunda k\u00f5ik, kes on oma maakodus suitsusaunatraditsiooni tallel hoidnud \u2013 V\u00f5rumaast Saaremaani,\u201c lisas minister.<\/p>\n<p>Suitsusaunad koos saunakombestikuga on osaks v\u00f5rokeste p\u00f5lisest elulaadist ja kultuurip\u00e4randist, mille hoidmine ning noortele edasiandmine on kogukonnale t\u00e4htis.<\/p>\n<p>\u201eSuitsusaun on v\u00f5rokesele paik, kus saavad puhtaks nii ihu kui ka hing. Sauna k\u00fctmine, vihtade tegemine, saunas leiliv\u00f5tmine ja terviseparandamine on meie taluperede tavap\u00e4rase eluringi osaks. Saunaga on seotud ka sellised teadmised ja oskused nagu saunaehitamine, puude tegemine, liha suitsutamine,\u201c v\u00f5ttis saunakombestiku olemuse l\u00fchidalt kokku Haanjamaal asuva Mooska talu perenaine <strong>Eda Veeroja<\/strong>.<\/p>\n<p>UNESCO esindusnimekirja kuulumine on v\u00f5rokeste kogukonnale suur tunnustus. V\u00f5ru Instituudi direktori <strong>Rainer Kuuba<\/strong> s\u00f5nul on v\u00f5rokesed maailmas ainulaadsed nii oma keele kui ka kultuurip\u00e4randi poolest: \u201eUNESCO tunnustus aitab meie omap\u00e4ral paremini v\u00e4lja paista ja hoida oman\u00e4olist suitsusaunakombestikku eluj\u00f5ulisena\u201c.<\/p>\n<p>Algatus suitsusaunakombestiku UNESCOsse viimiseks tuli v\u00f5rokeste kogukonnalt 2009. aastal. Taotluse koostamist juhtis Vana-V\u00f5romaa vabatahtlik suitsusauna koost\u00f6\u00f6kogu, mis tegutseb kohalike organisatsioonide toel. Kolmeaastase ettevalmistust\u00f6\u00f6 k\u00e4igus olid koost\u00f6\u00f6kogu heaks partneriks kohalikud elanikud, \u00fclikoolid ja uurimisasutused, kohalikud omavalitsused ja riik. V\u00f5rokeste ettev\u00f5tmist on tunnustanud rahvusvaheline saunaorganisatsioon International Sauna Society. Organisatsiooni president <strong>Risto Elomaa<\/strong> on m\u00e4rkinud, et v\u00f5rokeste suitsusaunatava j\u00f5udmine UNESCO esindusnimekirja toob t\u00e4helepanu kogu maailmas ka teiste rahvaste saunatavadele.<\/p>\n<p>UNESCO vaimse p\u00e4randi esindusnimekirja eesm\u00e4rk on tutvustada p\u00f5lvest p\u00f5lve edasi antud teadmisi, oskusi, kombeid ja tavasid, mida kogukonnad t\u00e4nap\u00e4eval t\u00e4htsaks peavad ja mille p\u00fcsimaj\u00e4\u00e4mise eest nad hea seisavad. Eestist on senini esindusnimekirja kantud Kihnu kultuuriruum, seto leelo ning koos L\u00e4ti ja Leeduga ka laulu-ja tantsupeo traditsioon.<\/p>\n<p>Vana-V\u00f5romaa suitsusaunakombestikku ja ettev\u00f5tmisi tutvustab koduleht: <a href=\"http:\/\/www.savvusann.ee\/\">www.savvusann.ee<\/a><\/p>\n<p><i>Pressiteatele on lisatud pildid k\u00fcdevatest suitsusaunadest. Fotode autor on Toomas Kalve.<\/i><\/p>\n<p>Lisainfo:<\/p>\n<p><strong>K\u00fclli Eichenbaum<\/strong><br \/>\nVana-V\u00f5romaa suitsusauna koost\u00f6\u00f6kogu infojuht<br \/>\ntel 5661 1924<\/p>\n<p><strong>Katrin Arvisto<\/strong><br \/>\nKultuuriministeeriumi avalike suhete osakonna n\u00f5unik<br \/>\ntel 628 2271; 511 3124<br \/>\n<a href=\"mail&#116;&#111;&#58;&#107;&#97;&#x74;&#x72;&#x69;&#x6e;&#x2e;&#x61;&#x72;vist&#111;&#64;&#107;&#117;&#108;&#x2e;&#x65;&#x65;\">&#x6b;&#97;&#x74;&#x72;&#105;&#x6e;&#x2e;&#97;&#x72;&#x76;&#105;&#x73;&#x74;o&#x40;&#x6b;u&#x6c;&#46;e&#x65;<\/a><\/p>\n","protected":false},"excerpt":{"rendered":"<p>Kultuuriministeeriumi, Vana-V\u00f5romaa suitsusaunade koost\u00f6\u00f6kogu ja UNESCO Eesti Rahvusliku Komisjoni pressiteade 27.11.2014 Vana-V\u00f5romaa suitsusaunakombestik kanti UNESCO vaimse kultuurip\u00e4randi esindusnimekirja Pariisis toimuval UNESCO vaimse kultuurip\u00e4randi komitee istungil [&hellip;]<\/p>\n","protected":false},"author":1,"featured_media":106,"comment_status":"closed","ping_status":"closed","sticky":false,"template":"","format":"standard","meta":{"footnotes":""},"categories":[1],"tags":[],"class_list":["post-170","post","type-post","status-publish","format-standard","has-post-thumbnail","hentry","category-uudised"],"yoast_head":"<!-- This site is optimized with the Yoast SEO plugin v27.4 - https:\/\/yoast.com\/product\/yoast-seo-wordpress\/ -->\n<title>Vana-V\u00f5romaa suitsusaunakombestik kanti UNESCO vaimse kultuurip\u00e4randi esindusnimekirja - Savvusann<\/title>\n<meta name=\"robots\" content=\"index, follow, max-snippet:-1, max-image-preview:large, max-video-preview:-1\" \/>\n<link rel=\"canonical\" href=\"https:\/\/savvusann.ee\/et\/vana-voromaa-suitsusaunakombestik-kanti-unesco-vaimse-kultuuriparandi-esindusnimekirja\/\" \/>\n<meta property=\"og:locale\" content=\"et_EE\" \/>\n<meta property=\"og:type\" content=\"article\" \/>\n<meta property=\"og:title\" content=\"Vana-V\u00f5romaa suitsusaunakombestik kanti UNESCO vaimse kultuurip\u00e4randi esindusnimekirja - Savvusann\" \/>\n<meta property=\"og:description\" content=\"Kultuuriministeeriumi, Vana-V\u00f5romaa suitsusaunade koost\u00f6\u00f6kogu ja UNESCO Eesti Rahvusliku Komisjoni pressiteade 27.11.2014 Vana-V\u00f5romaa suitsusaunakombestik kanti UNESCO vaimse kultuurip\u00e4randi esindusnimekirja Pariisis toimuval UNESCO vaimse kultuurip\u00e4randi komitee istungil [&hellip;]\" \/>\n<meta property=\"og:url\" content=\"https:\/\/savvusann.ee\/et\/vana-voromaa-suitsusaunakombestik-kanti-unesco-vaimse-kultuuriparandi-esindusnimekirja\/\" \/>\n<meta property=\"og:site_name\" content=\"Savvusann\" \/>\n<meta property=\"article:published_time\" content=\"2014-11-26T20:18:59+00:00\" \/>\n<meta property=\"article:modified_time\" content=\"2018-04-14T19:21:19+00:00\" \/>\n<meta property=\"og:image\" content=\"https:\/\/savvusann.ee\/wp-content\/uploads\/2018\/04\/Sauna_kytmine_Kanepi_kihelkond_Toomas_Kalve.jpg\" \/>\n\t<meta property=\"og:image:width\" content=\"972\" \/>\n\t<meta property=\"og:image:height\" content=\"648\" \/>\n\t<meta property=\"og:image:type\" content=\"image\/jpeg\" \/>\n<meta name=\"author\" content=\"veebimeister\" \/>\n<meta name=\"twitter:card\" content=\"summary_large_image\" \/>\n<meta name=\"twitter:label1\" content=\"Written by\" \/>\n\t<meta name=\"twitter:data1\" content=\"veebimeister\" \/>\n\t<meta name=\"twitter:label2\" content=\"Est. reading time\" \/>\n\t<meta name=\"twitter:data2\" content=\"2 minutit\" \/>\n<script type=\"application\/ld+json\" class=\"yoast-schema-graph\">{\"@context\":\"https:\\\/\\\/schema.org\",\"@graph\":[{\"@type\":\"Article\",\"@id\":\"https:\\\/\\\/savvusann.ee\\\/et\\\/vana-voromaa-suitsusaunakombestik-kanti-unesco-vaimse-kultuuriparandi-esindusnimekirja\\\/#article\",\"isPartOf\":{\"@id\":\"https:\\\/\\\/savvusann.ee\\\/et\\\/vana-voromaa-suitsusaunakombestik-kanti-unesco-vaimse-kultuuriparandi-esindusnimekirja\\\/\"},\"author\":{\"name\":\"veebimeister\",\"@id\":\"https:\\\/\\\/savvusann.ee\\\/et\\\/#\\\/schema\\\/person\\\/1ea85d6c0c8d1528cfab3303ec25cbaa\"},\"headline\":\"Vana-V\u00f5romaa suitsusaunakombestik kanti UNESCO vaimse kultuurip\u00e4randi esindusnimekirja\",\"datePublished\":\"2014-11-26T20:18:59+00:00\",\"dateModified\":\"2018-04-14T19:21:19+00:00\",\"mainEntityOfPage\":{\"@id\":\"https:\\\/\\\/savvusann.ee\\\/et\\\/vana-voromaa-suitsusaunakombestik-kanti-unesco-vaimse-kultuuriparandi-esindusnimekirja\\\/\"},\"wordCount\":421,\"image\":{\"@id\":\"https:\\\/\\\/savvusann.ee\\\/et\\\/vana-voromaa-suitsusaunakombestik-kanti-unesco-vaimse-kultuuriparandi-esindusnimekirja\\\/#primaryimage\"},\"thumbnailUrl\":\"https:\\\/\\\/savvusann.ee\\\/wp-content\\\/uploads\\\/2018\\\/04\\\/Sauna_kytmine_Kanepi_kihelkond_Toomas_Kalve.jpg\",\"articleSection\":[\"Uudised\"],\"inLanguage\":\"et\"},{\"@type\":\"WebPage\",\"@id\":\"https:\\\/\\\/savvusann.ee\\\/et\\\/vana-voromaa-suitsusaunakombestik-kanti-unesco-vaimse-kultuuriparandi-esindusnimekirja\\\/\",\"url\":\"https:\\\/\\\/savvusann.ee\\\/et\\\/vana-voromaa-suitsusaunakombestik-kanti-unesco-vaimse-kultuuriparandi-esindusnimekirja\\\/\",\"name\":\"Vana-V\u00f5romaa suitsusaunakombestik kanti UNESCO vaimse kultuurip\u00e4randi esindusnimekirja - Savvusann\",\"isPartOf\":{\"@id\":\"https:\\\/\\\/savvusann.ee\\\/et\\\/#website\"},\"primaryImageOfPage\":{\"@id\":\"https:\\\/\\\/savvusann.ee\\\/et\\\/vana-voromaa-suitsusaunakombestik-kanti-unesco-vaimse-kultuuriparandi-esindusnimekirja\\\/#primaryimage\"},\"image\":{\"@id\":\"https:\\\/\\\/savvusann.ee\\\/et\\\/vana-voromaa-suitsusaunakombestik-kanti-unesco-vaimse-kultuuriparandi-esindusnimekirja\\\/#primaryimage\"},\"thumbnailUrl\":\"https:\\\/\\\/savvusann.ee\\\/wp-content\\\/uploads\\\/2018\\\/04\\\/Sauna_kytmine_Kanepi_kihelkond_Toomas_Kalve.jpg\",\"datePublished\":\"2014-11-26T20:18:59+00:00\",\"dateModified\":\"2018-04-14T19:21:19+00:00\",\"author\":{\"@id\":\"https:\\\/\\\/savvusann.ee\\\/et\\\/#\\\/schema\\\/person\\\/1ea85d6c0c8d1528cfab3303ec25cbaa\"},\"breadcrumb\":{\"@id\":\"https:\\\/\\\/savvusann.ee\\\/et\\\/vana-voromaa-suitsusaunakombestik-kanti-unesco-vaimse-kultuuriparandi-esindusnimekirja\\\/#breadcrumb\"},\"inLanguage\":\"et\",\"potentialAction\":[{\"@type\":\"ReadAction\",\"target\":[\"https:\\\/\\\/savvusann.ee\\\/et\\\/vana-voromaa-suitsusaunakombestik-kanti-unesco-vaimse-kultuuriparandi-esindusnimekirja\\\/\"]}]},{\"@type\":\"ImageObject\",\"inLanguage\":\"et\",\"@id\":\"https:\\\/\\\/savvusann.ee\\\/et\\\/vana-voromaa-suitsusaunakombestik-kanti-unesco-vaimse-kultuuriparandi-esindusnimekirja\\\/#primaryimage\",\"url\":\"https:\\\/\\\/savvusann.ee\\\/wp-content\\\/uploads\\\/2018\\\/04\\\/Sauna_kytmine_Kanepi_kihelkond_Toomas_Kalve.jpg\",\"contentUrl\":\"https:\\\/\\\/savvusann.ee\\\/wp-content\\\/uploads\\\/2018\\\/04\\\/Sauna_kytmine_Kanepi_kihelkond_Toomas_Kalve.jpg\",\"width\":972,\"height\":648,\"caption\":\"Smoke sauna tradition in V\u00f5romaa added to UNESCO\"},{\"@type\":\"BreadcrumbList\",\"@id\":\"https:\\\/\\\/savvusann.ee\\\/et\\\/vana-voromaa-suitsusaunakombestik-kanti-unesco-vaimse-kultuuriparandi-esindusnimekirja\\\/#breadcrumb\",\"itemListElement\":[{\"@type\":\"ListItem\",\"position\":1,\"name\":\"Home\",\"item\":\"https:\\\/\\\/savvusann.ee\\\/et\\\/\"},{\"@type\":\"ListItem\",\"position\":2,\"name\":\"Vana-V\u00f5romaa suitsusaunakombestik kanti UNESCO vaimse kultuurip\u00e4randi esindusnimekirja\"}]},{\"@type\":\"WebSite\",\"@id\":\"https:\\\/\\\/savvusann.ee\\\/et\\\/#website\",\"url\":\"https:\\\/\\\/savvusann.ee\\\/et\\\/\",\"name\":\"Savvusann\",\"description\":\"Vana-V\u00f5romaa Savvusann\",\"potentialAction\":[{\"@type\":\"SearchAction\",\"target\":{\"@type\":\"EntryPoint\",\"urlTemplate\":\"https:\\\/\\\/savvusann.ee\\\/et\\\/?s={search_term_string}\"},\"query-input\":{\"@type\":\"PropertyValueSpecification\",\"valueRequired\":true,\"valueName\":\"search_term_string\"}}],\"inLanguage\":\"et\"},{\"@type\":\"Person\",\"@id\":\"https:\\\/\\\/savvusann.ee\\\/et\\\/#\\\/schema\\\/person\\\/1ea85d6c0c8d1528cfab3303ec25cbaa\",\"name\":\"veebimeister\",\"image\":{\"@type\":\"ImageObject\",\"inLanguage\":\"et\",\"@id\":\"https:\\\/\\\/secure.gravatar.com\\\/avatar\\\/07d7287fd7838490ad7924b8f9cd4801552fa9aff79e74220df9318f7520ad81?s=96&d=mm&r=g\",\"url\":\"https:\\\/\\\/secure.gravatar.com\\\/avatar\\\/07d7287fd7838490ad7924b8f9cd4801552fa9aff79e74220df9318f7520ad81?s=96&d=mm&r=g\",\"contentUrl\":\"https:\\\/\\\/secure.gravatar.com\\\/avatar\\\/07d7287fd7838490ad7924b8f9cd4801552fa9aff79e74220df9318f7520ad81?s=96&d=mm&r=g\",\"caption\":\"veebimeister\"}}]}<\/script>\n<!-- \/ Yoast SEO plugin. -->","yoast_head_json":{"title":"Vana-V\u00f5romaa suitsusaunakombestik kanti UNESCO vaimse kultuurip\u00e4randi esindusnimekirja - Savvusann","robots":{"index":"index","follow":"follow","max-snippet":"max-snippet:-1","max-image-preview":"max-image-preview:large","max-video-preview":"max-video-preview:-1"},"canonical":"https:\/\/savvusann.ee\/et\/vana-voromaa-suitsusaunakombestik-kanti-unesco-vaimse-kultuuriparandi-esindusnimekirja\/","og_locale":"et_EE","og_type":"article","og_title":"Vana-V\u00f5romaa suitsusaunakombestik kanti UNESCO vaimse kultuurip\u00e4randi esindusnimekirja - Savvusann","og_description":"Kultuuriministeeriumi, Vana-V\u00f5romaa suitsusaunade koost\u00f6\u00f6kogu ja UNESCO Eesti Rahvusliku Komisjoni pressiteade 27.11.2014 Vana-V\u00f5romaa suitsusaunakombestik kanti UNESCO vaimse kultuurip\u00e4randi esindusnimekirja Pariisis toimuval UNESCO vaimse kultuurip\u00e4randi komitee istungil [&hellip;]","og_url":"https:\/\/savvusann.ee\/et\/vana-voromaa-suitsusaunakombestik-kanti-unesco-vaimse-kultuuriparandi-esindusnimekirja\/","og_site_name":"Savvusann","article_published_time":"2014-11-26T20:18:59+00:00","article_modified_time":"2018-04-14T19:21:19+00:00","og_image":[{"width":972,"height":648,"url":"https:\/\/savvusann.ee\/wp-content\/uploads\/2018\/04\/Sauna_kytmine_Kanepi_kihelkond_Toomas_Kalve.jpg","type":"image\/jpeg"}],"author":"veebimeister","twitter_card":"summary_large_image","twitter_misc":{"Written by":"veebimeister","Est. reading time":"2 minutit"},"schema":{"@context":"https:\/\/schema.org","@graph":[{"@type":"Article","@id":"https:\/\/savvusann.ee\/et\/vana-voromaa-suitsusaunakombestik-kanti-unesco-vaimse-kultuuriparandi-esindusnimekirja\/#article","isPartOf":{"@id":"https:\/\/savvusann.ee\/et\/vana-voromaa-suitsusaunakombestik-kanti-unesco-vaimse-kultuuriparandi-esindusnimekirja\/"},"author":{"name":"veebimeister","@id":"https:\/\/savvusann.ee\/et\/#\/schema\/person\/1ea85d6c0c8d1528cfab3303ec25cbaa"},"headline":"Vana-V\u00f5romaa suitsusaunakombestik kanti UNESCO vaimse kultuurip\u00e4randi esindusnimekirja","datePublished":"2014-11-26T20:18:59+00:00","dateModified":"2018-04-14T19:21:19+00:00","mainEntityOfPage":{"@id":"https:\/\/savvusann.ee\/et\/vana-voromaa-suitsusaunakombestik-kanti-unesco-vaimse-kultuuriparandi-esindusnimekirja\/"},"wordCount":421,"image":{"@id":"https:\/\/savvusann.ee\/et\/vana-voromaa-suitsusaunakombestik-kanti-unesco-vaimse-kultuuriparandi-esindusnimekirja\/#primaryimage"},"thumbnailUrl":"https:\/\/savvusann.ee\/wp-content\/uploads\/2018\/04\/Sauna_kytmine_Kanepi_kihelkond_Toomas_Kalve.jpg","articleSection":["Uudised"],"inLanguage":"et"},{"@type":"WebPage","@id":"https:\/\/savvusann.ee\/et\/vana-voromaa-suitsusaunakombestik-kanti-unesco-vaimse-kultuuriparandi-esindusnimekirja\/","url":"https:\/\/savvusann.ee\/et\/vana-voromaa-suitsusaunakombestik-kanti-unesco-vaimse-kultuuriparandi-esindusnimekirja\/","name":"Vana-V\u00f5romaa suitsusaunakombestik kanti UNESCO vaimse kultuurip\u00e4randi esindusnimekirja - Savvusann","isPartOf":{"@id":"https:\/\/savvusann.ee\/et\/#website"},"primaryImageOfPage":{"@id":"https:\/\/savvusann.ee\/et\/vana-voromaa-suitsusaunakombestik-kanti-unesco-vaimse-kultuuriparandi-esindusnimekirja\/#primaryimage"},"image":{"@id":"https:\/\/savvusann.ee\/et\/vana-voromaa-suitsusaunakombestik-kanti-unesco-vaimse-kultuuriparandi-esindusnimekirja\/#primaryimage"},"thumbnailUrl":"https:\/\/savvusann.ee\/wp-content\/uploads\/2018\/04\/Sauna_kytmine_Kanepi_kihelkond_Toomas_Kalve.jpg","datePublished":"2014-11-26T20:18:59+00:00","dateModified":"2018-04-14T19:21:19+00:00","author":{"@id":"https:\/\/savvusann.ee\/et\/#\/schema\/person\/1ea85d6c0c8d1528cfab3303ec25cbaa"},"breadcrumb":{"@id":"https:\/\/savvusann.ee\/et\/vana-voromaa-suitsusaunakombestik-kanti-unesco-vaimse-kultuuriparandi-esindusnimekirja\/#breadcrumb"},"inLanguage":"et","potentialAction":[{"@type":"ReadAction","target":["https:\/\/savvusann.ee\/et\/vana-voromaa-suitsusaunakombestik-kanti-unesco-vaimse-kultuuriparandi-esindusnimekirja\/"]}]},{"@type":"ImageObject","inLanguage":"et","@id":"https:\/\/savvusann.ee\/et\/vana-voromaa-suitsusaunakombestik-kanti-unesco-vaimse-kultuuriparandi-esindusnimekirja\/#primaryimage","url":"https:\/\/savvusann.ee\/wp-content\/uploads\/2018\/04\/Sauna_kytmine_Kanepi_kihelkond_Toomas_Kalve.jpg","contentUrl":"https:\/\/savvusann.ee\/wp-content\/uploads\/2018\/04\/Sauna_kytmine_Kanepi_kihelkond_Toomas_Kalve.jpg","width":972,"height":648,"caption":"Smoke sauna tradition in V\u00f5romaa added to UNESCO"},{"@type":"BreadcrumbList","@id":"https:\/\/savvusann.ee\/et\/vana-voromaa-suitsusaunakombestik-kanti-unesco-vaimse-kultuuriparandi-esindusnimekirja\/#breadcrumb","itemListElement":[{"@type":"ListItem","position":1,"name":"Home","item":"https:\/\/savvusann.ee\/et\/"},{"@type":"ListItem","position":2,"name":"Vana-V\u00f5romaa suitsusaunakombestik kanti UNESCO vaimse kultuurip\u00e4randi esindusnimekirja"}]},{"@type":"WebSite","@id":"https:\/\/savvusann.ee\/et\/#website","url":"https:\/\/savvusann.ee\/et\/","name":"Savvusann","description":"Vana-V\u00f5romaa Savvusann","potentialAction":[{"@type":"SearchAction","target":{"@type":"EntryPoint","urlTemplate":"https:\/\/savvusann.ee\/et\/?s={search_term_string}"},"query-input":{"@type":"PropertyValueSpecification","valueRequired":true,"valueName":"search_term_string"}}],"inLanguage":"et"},{"@type":"Person","@id":"https:\/\/savvusann.ee\/et\/#\/schema\/person\/1ea85d6c0c8d1528cfab3303ec25cbaa","name":"veebimeister","image":{"@type":"ImageObject","inLanguage":"et","@id":"https:\/\/secure.gravatar.com\/avatar\/07d7287fd7838490ad7924b8f9cd4801552fa9aff79e74220df9318f7520ad81?s=96&d=mm&r=g","url":"https:\/\/secure.gravatar.com\/avatar\/07d7287fd7838490ad7924b8f9cd4801552fa9aff79e74220df9318f7520ad81?s=96&d=mm&r=g","contentUrl":"https:\/\/secure.gravatar.com\/avatar\/07d7287fd7838490ad7924b8f9cd4801552fa9aff79e74220df9318f7520ad81?s=96&d=mm&r=g","caption":"veebimeister"}}]}},"_links":{"self":[{"href":"https:\/\/savvusann.ee\/et\/wp-json\/wp\/v2\/posts\/170","targetHints":{"allow":["GET"]}}],"collection":[{"href":"https:\/\/savvusann.ee\/et\/wp-json\/wp\/v2\/posts"}],"about":[{"href":"https:\/\/savvusann.ee\/et\/wp-json\/wp\/v2\/types\/post"}],"author":[{"embeddable":true,"href":"https:\/\/savvusann.ee\/et\/wp-json\/wp\/v2\/users\/1"}],"replies":[{"embeddable":true,"href":"https:\/\/savvusann.ee\/et\/wp-json\/wp\/v2\/comments?post=170"}],"version-history":[{"count":1,"href":"https:\/\/savvusann.ee\/et\/wp-json\/wp\/v2\/posts\/170\/revisions"}],"predecessor-version":[{"id":171,"href":"https:\/\/savvusann.ee\/et\/wp-json\/wp\/v2\/posts\/170\/revisions\/171"}],"wp:featuredmedia":[{"embeddable":true,"href":"https:\/\/savvusann.ee\/et\/wp-json\/wp\/v2\/media\/106"}],"wp:attachment":[{"href":"https:\/\/savvusann.ee\/et\/wp-json\/wp\/v2\/media?parent=170"}],"wp:term":[{"taxonomy":"category","embeddable":true,"href":"https:\/\/savvusann.ee\/et\/wp-json\/wp\/v2\/categories?post=170"},{"taxonomy":"post_tag","embeddable":true,"href":"https:\/\/savvusann.ee\/et\/wp-json\/wp\/v2\/tags?post=170"}],"curies":[{"name":"wp","href":"https:\/\/api.w.org\/{rel}","templated":true}]}}