{"id":2938,"date":"2024-11-26T17:30:20","date_gmt":"2024-11-26T15:30:20","guid":{"rendered":"https:\/\/savvusann.ee\/?p=2938"},"modified":"2024-12-02T17:30:47","modified_gmt":"2024-12-02T15:30:47","slug":"vorokeste-suitsusaunakombed-kumme-aastat-unesco-s","status":"publish","type":"post","link":"https:\/\/savvusann.ee\/et\/vorokeste-suitsusaunakombed-kumme-aastat-unesco-s\/","title":{"rendered":"V\u00f5rokeste suitsusaunakombed k\u00fcmme aastat UNESCO-s"},"content":{"rendered":"<p>K\u00fcmme aastat tagasi 26. novembril 2014 v\u00f5eti v\u00f5rokeste suitsusaunakombestik UNESCO vaimse kultuurip\u00e4randi esindusnimekirja: <a href=\"https:\/\/ich.unesco.org\/en\/RL\/smoke-sauna-tradition-in-voromaa-00951\">https:\/\/ich.unesco.org\/en\/RL\/smoke-sauna-tradition-in-voromaa-00951<\/a><\/p>\n<p>T\u00e4htp\u00e4eva eel kogunes Vana-V\u00f5romaa suitsusaunade koost\u00f6\u00f6kogu M\u00f5niste muuseumis, et heita pilk olnud k\u00fcmnele aastale ja arutada UNESCO tunnustuse m\u00f5ju saunakommete k\u00e4ek\u00e4igule.<\/p>\n<p>T\u00e4helepanu, mida UNESCO tunnustusega oodati, on suitsusaun p\u00e4ris palju saanud. Suitsusauna teatakse, saunadest ning kommetest k\u00f5neldakse, saunas k\u00e4iakse \u2013 see k\u00f5ik lubab loota, et saunaperedes on kombed ning oskused noorematele p\u00f5lvkondadele teada ning tava elab edasi.<\/p>\n<p>Suitsusaunan\u00e4dalad Haanjamaal ja \u00fcle Vana-V\u00f5romaa, arvukalt saunakommete \u00f5ppep\u00e4evi nii lastele kui suurtele, r\u00e4ndn\u00e4itused, saunast tehtud filmid ja isegi s\u00fcmfoonia loomine on teadmise suitsusaunast v\u00e4ga paljude inimesteni toonud. V\u00f5romaa maastikel on n\u00e4ha, et vanemaid suitsusaunu on korda tehtud ning uusi juurde ehitatud \u2013 see n\u00e4itab, et saunakombed on au sees, ei saa ju kombed ilma saunahooneteta p\u00fcsida.<\/p>\n<p>Saunade ehitamise asjus on koostatud mitmeid juhendeid, palksauna ehitamist saab \u00f5ppida Vanaajamaja korraldatavatel kursustel, keriseehituse \u00f5pip\u00e4evi on korraldatud meie muuseumide saunade juures.<\/p>\n<p>Suitsusaunadest ja kombestikust on tehtud mitu pikemat uurimist\u00f6\u00f6d, arhiivides olevat p\u00e4rimust avaldatud, aga ka saunap\u00e4rimust juurde kogutud, avaldatud ajakirjades artikleid. Veebilehelt savvusann.ee leiab viiteid avaldatule.<\/p>\n<p>Vana-V\u00f5romaa turismitaludes ootavad k\u00fclastajaid 30 suitsusauna, V\u00f5romaa saunakombeid \u00a0tutvustatakse turismimessidel nii kodu- kui v\u00e4lismaal. K\u00fcmne aasta jooksul on k\u00e4inud sadakond filmigruppi suitsusaunu ja kombestikku j\u00e4\u00e4dvustamas.<\/p>\n<p>V\u00f5rokeste saunategemised on s\u00fctitanud ka naabreid nii kaugemalt kui l\u00e4hemalt \u2013 jaapanlased andsid 2017 v\u00e4lja raamatu meie suitsusaunast, soomlased viisid oma saunakombed UNESCOsse 2020. aastal, 2023. aastal oli \u00fcle-eestiline saunaasta.<\/p>\n<p>Vaadet kaugemalt jagas koost\u00f6\u00f6kogule Margit Siim UNESCO Eesti rahvuslikust komisjonist: \u201eKoost\u00f6\u00f6kogu tegevus on s\u00f5na otseses m\u00f5ttes suurendanud suitsusaunap\u00e4randi \u00fchiskondlikku k\u00f5lapinda ja nii on p\u00f5hjust loota, et see traditsioon j\u00e4\u00e4b ka j\u00e4rgmisi p\u00f5lvkondi saatma.\u201c<\/p>\n<p>Kui Mooska talu perenaine Eda Veeroja esimest korda v\u00e4lja h\u00f5ikas <em>\u201eSavvusann UNESCOhe!\u201c<\/em>, oli aasta 2009. L\u00e4ks viis aastat, kuni m\u00f5te selgines: plaani arutati mitmes Vana-V\u00f5romaa kihelkonnas, uuriti saunakombestiku olukorda, koostati raamat Mi uma savvusann ja tehti saunakommetest k\u00f5nelev film, koostati taotlus UNESCOle.<\/p>\n<p>Saunakommete k\u00e4ek\u00e4igul hoiab silma peal Vana-V\u00f5romaa suitsusaunade koost\u00f6\u00f6kogu. Vabatahtlikkuse p\u00f5him\u00f5ttel tegutsevas kogus on ligikaudu 30 inimest \u00fcle Vana-V\u00f5romaa, kes tunnevad kombestikku ja on kogukonna eestk\u00f5nelejad. Tegevust toetavad organisatsioonid MT\u00dc V\u00f5ro Selts VKKF ja V\u00f5ro Instituut.<\/p>\n","protected":false},"excerpt":{"rendered":"<p>K\u00fcmme aastat tagasi 26. novembril 2014 v\u00f5eti v\u00f5rokeste suitsusaunakombestik UNESCO vaimse kultuurip\u00e4randi esindusnimekirja: https:\/\/ich.unesco.org\/en\/RL\/smoke-sauna-tradition-in-voromaa-00951 T\u00e4htp\u00e4eva eel kogunes Vana-V\u00f5romaa suitsusaunade koost\u00f6\u00f6kogu M\u00f5niste muuseumis, et heita pilk [&hellip;]<\/p>\n","protected":false},"author":1,"featured_media":2936,"comment_status":"closed","ping_status":"closed","sticky":false,"template":"","format":"standard","meta":{"footnotes":""},"categories":[1],"tags":[],"class_list":["post-2938","post","type-post","status-publish","format-standard","has-post-thumbnail","hentry","category-uudised"],"yoast_head":"<!-- This site is optimized with the Yoast SEO plugin v27.4 - https:\/\/yoast.com\/product\/yoast-seo-wordpress\/ -->\n<title>V\u00f5rokeste suitsusaunakombed k\u00fcmme aastat UNESCO-s - Savvusann<\/title>\n<meta name=\"robots\" content=\"index, follow, max-snippet:-1, max-image-preview:large, max-video-preview:-1\" \/>\n<link rel=\"canonical\" href=\"https:\/\/savvusann.ee\/et\/vorokeste-suitsusaunakombed-kumme-aastat-unesco-s\/\" \/>\n<meta property=\"og:locale\" content=\"et_EE\" \/>\n<meta property=\"og:type\" content=\"article\" \/>\n<meta property=\"og:title\" content=\"V\u00f5rokeste suitsusaunakombed k\u00fcmme aastat UNESCO-s - Savvusann\" \/>\n<meta property=\"og:description\" content=\"K\u00fcmme aastat tagasi 26. novembril 2014 v\u00f5eti v\u00f5rokeste suitsusaunakombestik UNESCO vaimse kultuurip\u00e4randi esindusnimekirja: https:\/\/ich.unesco.org\/en\/RL\/smoke-sauna-tradition-in-voromaa-00951 T\u00e4htp\u00e4eva eel kogunes Vana-V\u00f5romaa suitsusaunade koost\u00f6\u00f6kogu M\u00f5niste muuseumis, et heita pilk [&hellip;]\" \/>\n<meta property=\"og:url\" content=\"https:\/\/savvusann.ee\/et\/vorokeste-suitsusaunakombed-kumme-aastat-unesco-s\/\" \/>\n<meta property=\"og:site_name\" content=\"Savvusann\" \/>\n<meta property=\"article:published_time\" content=\"2024-11-26T15:30:20+00:00\" \/>\n<meta property=\"article:modified_time\" content=\"2024-12-02T15:30:47+00:00\" \/>\n<meta property=\"og:image\" content=\"https:\/\/savvusann.ee\/wp-content\/uploads\/2024\/12\/Eda_Kylli_Mooska_sanna_iin_24_11_2024.jpg\" \/>\n\t<meta property=\"og:image:width\" content=\"1500\" \/>\n\t<meta property=\"og:image:height\" content=\"1000\" \/>\n\t<meta property=\"og:image:type\" content=\"image\/jpeg\" \/>\n<meta name=\"author\" content=\"veebimeister\" \/>\n<meta name=\"twitter:card\" content=\"summary_large_image\" \/>\n<meta name=\"twitter:label1\" content=\"Written by\" \/>\n\t<meta name=\"twitter:data1\" content=\"veebimeister\" \/>\n\t<meta name=\"twitter:label2\" content=\"Est. reading time\" \/>\n\t<meta name=\"twitter:data2\" content=\"3 minutit\" \/>\n<script type=\"application\/ld+json\" class=\"yoast-schema-graph\">{\"@context\":\"https:\\\/\\\/schema.org\",\"@graph\":[{\"@type\":\"Article\",\"@id\":\"https:\\\/\\\/savvusann.ee\\\/et\\\/vorokeste-suitsusaunakombed-kumme-aastat-unesco-s\\\/#article\",\"isPartOf\":{\"@id\":\"https:\\\/\\\/savvusann.ee\\\/et\\\/vorokeste-suitsusaunakombed-kumme-aastat-unesco-s\\\/\"},\"author\":{\"name\":\"veebimeister\",\"@id\":\"https:\\\/\\\/savvusann.ee\\\/et\\\/#\\\/schema\\\/person\\\/1ea85d6c0c8d1528cfab3303ec25cbaa\"},\"headline\":\"V\u00f5rokeste suitsusaunakombed k\u00fcmme aastat UNESCO-s\",\"datePublished\":\"2024-11-26T15:30:20+00:00\",\"dateModified\":\"2024-12-02T15:30:47+00:00\",\"mainEntityOfPage\":{\"@id\":\"https:\\\/\\\/savvusann.ee\\\/et\\\/vorokeste-suitsusaunakombed-kumme-aastat-unesco-s\\\/\"},\"wordCount\":413,\"image\":{\"@id\":\"https:\\\/\\\/savvusann.ee\\\/et\\\/vorokeste-suitsusaunakombed-kumme-aastat-unesco-s\\\/#primaryimage\"},\"thumbnailUrl\":\"https:\\\/\\\/savvusann.ee\\\/wp-content\\\/uploads\\\/2024\\\/12\\\/Eda_Kylli_Mooska_sanna_iin_24_11_2024.jpg\",\"articleSection\":[\"Uudised\"],\"inLanguage\":\"et\"},{\"@type\":\"WebPage\",\"@id\":\"https:\\\/\\\/savvusann.ee\\\/et\\\/vorokeste-suitsusaunakombed-kumme-aastat-unesco-s\\\/\",\"url\":\"https:\\\/\\\/savvusann.ee\\\/et\\\/vorokeste-suitsusaunakombed-kumme-aastat-unesco-s\\\/\",\"name\":\"V\u00f5rokeste suitsusaunakombed k\u00fcmme aastat UNESCO-s - Savvusann\",\"isPartOf\":{\"@id\":\"https:\\\/\\\/savvusann.ee\\\/et\\\/#website\"},\"primaryImageOfPage\":{\"@id\":\"https:\\\/\\\/savvusann.ee\\\/et\\\/vorokeste-suitsusaunakombed-kumme-aastat-unesco-s\\\/#primaryimage\"},\"image\":{\"@id\":\"https:\\\/\\\/savvusann.ee\\\/et\\\/vorokeste-suitsusaunakombed-kumme-aastat-unesco-s\\\/#primaryimage\"},\"thumbnailUrl\":\"https:\\\/\\\/savvusann.ee\\\/wp-content\\\/uploads\\\/2024\\\/12\\\/Eda_Kylli_Mooska_sanna_iin_24_11_2024.jpg\",\"datePublished\":\"2024-11-26T15:30:20+00:00\",\"dateModified\":\"2024-12-02T15:30:47+00:00\",\"author\":{\"@id\":\"https:\\\/\\\/savvusann.ee\\\/et\\\/#\\\/schema\\\/person\\\/1ea85d6c0c8d1528cfab3303ec25cbaa\"},\"breadcrumb\":{\"@id\":\"https:\\\/\\\/savvusann.ee\\\/et\\\/vorokeste-suitsusaunakombed-kumme-aastat-unesco-s\\\/#breadcrumb\"},\"inLanguage\":\"et\",\"potentialAction\":[{\"@type\":\"ReadAction\",\"target\":[\"https:\\\/\\\/savvusann.ee\\\/et\\\/vorokeste-suitsusaunakombed-kumme-aastat-unesco-s\\\/\"]}]},{\"@type\":\"ImageObject\",\"inLanguage\":\"et\",\"@id\":\"https:\\\/\\\/savvusann.ee\\\/et\\\/vorokeste-suitsusaunakombed-kumme-aastat-unesco-s\\\/#primaryimage\",\"url\":\"https:\\\/\\\/savvusann.ee\\\/wp-content\\\/uploads\\\/2024\\\/12\\\/Eda_Kylli_Mooska_sanna_iin_24_11_2024.jpg\",\"contentUrl\":\"https:\\\/\\\/savvusann.ee\\\/wp-content\\\/uploads\\\/2024\\\/12\\\/Eda_Kylli_Mooska_sanna_iin_24_11_2024.jpg\",\"width\":1500,\"height\":1000,\"caption\":\"Mooska sann\"},{\"@type\":\"BreadcrumbList\",\"@id\":\"https:\\\/\\\/savvusann.ee\\\/et\\\/vorokeste-suitsusaunakombed-kumme-aastat-unesco-s\\\/#breadcrumb\",\"itemListElement\":[{\"@type\":\"ListItem\",\"position\":1,\"name\":\"Home\",\"item\":\"https:\\\/\\\/savvusann.ee\\\/et\\\/\"},{\"@type\":\"ListItem\",\"position\":2,\"name\":\"V\u00f5rokeste suitsusaunakombed k\u00fcmme aastat UNESCO-s\"}]},{\"@type\":\"WebSite\",\"@id\":\"https:\\\/\\\/savvusann.ee\\\/et\\\/#website\",\"url\":\"https:\\\/\\\/savvusann.ee\\\/et\\\/\",\"name\":\"Savvusann\",\"description\":\"Vana-V\u00f5romaa Savvusann\",\"potentialAction\":[{\"@type\":\"SearchAction\",\"target\":{\"@type\":\"EntryPoint\",\"urlTemplate\":\"https:\\\/\\\/savvusann.ee\\\/et\\\/?s={search_term_string}\"},\"query-input\":{\"@type\":\"PropertyValueSpecification\",\"valueRequired\":true,\"valueName\":\"search_term_string\"}}],\"inLanguage\":\"et\"},{\"@type\":\"Person\",\"@id\":\"https:\\\/\\\/savvusann.ee\\\/et\\\/#\\\/schema\\\/person\\\/1ea85d6c0c8d1528cfab3303ec25cbaa\",\"name\":\"veebimeister\",\"image\":{\"@type\":\"ImageObject\",\"inLanguage\":\"et\",\"@id\":\"https:\\\/\\\/secure.gravatar.com\\\/avatar\\\/07d7287fd7838490ad7924b8f9cd4801552fa9aff79e74220df9318f7520ad81?s=96&d=mm&r=g\",\"url\":\"https:\\\/\\\/secure.gravatar.com\\\/avatar\\\/07d7287fd7838490ad7924b8f9cd4801552fa9aff79e74220df9318f7520ad81?s=96&d=mm&r=g\",\"contentUrl\":\"https:\\\/\\\/secure.gravatar.com\\\/avatar\\\/07d7287fd7838490ad7924b8f9cd4801552fa9aff79e74220df9318f7520ad81?s=96&d=mm&r=g\",\"caption\":\"veebimeister\"}}]}<\/script>\n<!-- \/ Yoast SEO plugin. -->","yoast_head_json":{"title":"V\u00f5rokeste suitsusaunakombed k\u00fcmme aastat UNESCO-s - Savvusann","robots":{"index":"index","follow":"follow","max-snippet":"max-snippet:-1","max-image-preview":"max-image-preview:large","max-video-preview":"max-video-preview:-1"},"canonical":"https:\/\/savvusann.ee\/et\/vorokeste-suitsusaunakombed-kumme-aastat-unesco-s\/","og_locale":"et_EE","og_type":"article","og_title":"V\u00f5rokeste suitsusaunakombed k\u00fcmme aastat UNESCO-s - Savvusann","og_description":"K\u00fcmme aastat tagasi 26. novembril 2014 v\u00f5eti v\u00f5rokeste suitsusaunakombestik UNESCO vaimse kultuurip\u00e4randi esindusnimekirja: https:\/\/ich.unesco.org\/en\/RL\/smoke-sauna-tradition-in-voromaa-00951 T\u00e4htp\u00e4eva eel kogunes Vana-V\u00f5romaa suitsusaunade koost\u00f6\u00f6kogu M\u00f5niste muuseumis, et heita pilk [&hellip;]","og_url":"https:\/\/savvusann.ee\/et\/vorokeste-suitsusaunakombed-kumme-aastat-unesco-s\/","og_site_name":"Savvusann","article_published_time":"2024-11-26T15:30:20+00:00","article_modified_time":"2024-12-02T15:30:47+00:00","og_image":[{"width":1500,"height":1000,"url":"https:\/\/savvusann.ee\/wp-content\/uploads\/2024\/12\/Eda_Kylli_Mooska_sanna_iin_24_11_2024.jpg","type":"image\/jpeg"}],"author":"veebimeister","twitter_card":"summary_large_image","twitter_misc":{"Written by":"veebimeister","Est. reading time":"3 minutit"},"schema":{"@context":"https:\/\/schema.org","@graph":[{"@type":"Article","@id":"https:\/\/savvusann.ee\/et\/vorokeste-suitsusaunakombed-kumme-aastat-unesco-s\/#article","isPartOf":{"@id":"https:\/\/savvusann.ee\/et\/vorokeste-suitsusaunakombed-kumme-aastat-unesco-s\/"},"author":{"name":"veebimeister","@id":"https:\/\/savvusann.ee\/et\/#\/schema\/person\/1ea85d6c0c8d1528cfab3303ec25cbaa"},"headline":"V\u00f5rokeste suitsusaunakombed k\u00fcmme aastat UNESCO-s","datePublished":"2024-11-26T15:30:20+00:00","dateModified":"2024-12-02T15:30:47+00:00","mainEntityOfPage":{"@id":"https:\/\/savvusann.ee\/et\/vorokeste-suitsusaunakombed-kumme-aastat-unesco-s\/"},"wordCount":413,"image":{"@id":"https:\/\/savvusann.ee\/et\/vorokeste-suitsusaunakombed-kumme-aastat-unesco-s\/#primaryimage"},"thumbnailUrl":"https:\/\/savvusann.ee\/wp-content\/uploads\/2024\/12\/Eda_Kylli_Mooska_sanna_iin_24_11_2024.jpg","articleSection":["Uudised"],"inLanguage":"et"},{"@type":"WebPage","@id":"https:\/\/savvusann.ee\/et\/vorokeste-suitsusaunakombed-kumme-aastat-unesco-s\/","url":"https:\/\/savvusann.ee\/et\/vorokeste-suitsusaunakombed-kumme-aastat-unesco-s\/","name":"V\u00f5rokeste suitsusaunakombed k\u00fcmme aastat UNESCO-s - Savvusann","isPartOf":{"@id":"https:\/\/savvusann.ee\/et\/#website"},"primaryImageOfPage":{"@id":"https:\/\/savvusann.ee\/et\/vorokeste-suitsusaunakombed-kumme-aastat-unesco-s\/#primaryimage"},"image":{"@id":"https:\/\/savvusann.ee\/et\/vorokeste-suitsusaunakombed-kumme-aastat-unesco-s\/#primaryimage"},"thumbnailUrl":"https:\/\/savvusann.ee\/wp-content\/uploads\/2024\/12\/Eda_Kylli_Mooska_sanna_iin_24_11_2024.jpg","datePublished":"2024-11-26T15:30:20+00:00","dateModified":"2024-12-02T15:30:47+00:00","author":{"@id":"https:\/\/savvusann.ee\/et\/#\/schema\/person\/1ea85d6c0c8d1528cfab3303ec25cbaa"},"breadcrumb":{"@id":"https:\/\/savvusann.ee\/et\/vorokeste-suitsusaunakombed-kumme-aastat-unesco-s\/#breadcrumb"},"inLanguage":"et","potentialAction":[{"@type":"ReadAction","target":["https:\/\/savvusann.ee\/et\/vorokeste-suitsusaunakombed-kumme-aastat-unesco-s\/"]}]},{"@type":"ImageObject","inLanguage":"et","@id":"https:\/\/savvusann.ee\/et\/vorokeste-suitsusaunakombed-kumme-aastat-unesco-s\/#primaryimage","url":"https:\/\/savvusann.ee\/wp-content\/uploads\/2024\/12\/Eda_Kylli_Mooska_sanna_iin_24_11_2024.jpg","contentUrl":"https:\/\/savvusann.ee\/wp-content\/uploads\/2024\/12\/Eda_Kylli_Mooska_sanna_iin_24_11_2024.jpg","width":1500,"height":1000,"caption":"Mooska sann"},{"@type":"BreadcrumbList","@id":"https:\/\/savvusann.ee\/et\/vorokeste-suitsusaunakombed-kumme-aastat-unesco-s\/#breadcrumb","itemListElement":[{"@type":"ListItem","position":1,"name":"Home","item":"https:\/\/savvusann.ee\/et\/"},{"@type":"ListItem","position":2,"name":"V\u00f5rokeste suitsusaunakombed k\u00fcmme aastat UNESCO-s"}]},{"@type":"WebSite","@id":"https:\/\/savvusann.ee\/et\/#website","url":"https:\/\/savvusann.ee\/et\/","name":"Savvusann","description":"Vana-V\u00f5romaa Savvusann","potentialAction":[{"@type":"SearchAction","target":{"@type":"EntryPoint","urlTemplate":"https:\/\/savvusann.ee\/et\/?s={search_term_string}"},"query-input":{"@type":"PropertyValueSpecification","valueRequired":true,"valueName":"search_term_string"}}],"inLanguage":"et"},{"@type":"Person","@id":"https:\/\/savvusann.ee\/et\/#\/schema\/person\/1ea85d6c0c8d1528cfab3303ec25cbaa","name":"veebimeister","image":{"@type":"ImageObject","inLanguage":"et","@id":"https:\/\/secure.gravatar.com\/avatar\/07d7287fd7838490ad7924b8f9cd4801552fa9aff79e74220df9318f7520ad81?s=96&d=mm&r=g","url":"https:\/\/secure.gravatar.com\/avatar\/07d7287fd7838490ad7924b8f9cd4801552fa9aff79e74220df9318f7520ad81?s=96&d=mm&r=g","contentUrl":"https:\/\/secure.gravatar.com\/avatar\/07d7287fd7838490ad7924b8f9cd4801552fa9aff79e74220df9318f7520ad81?s=96&d=mm&r=g","caption":"veebimeister"}}]}},"_links":{"self":[{"href":"https:\/\/savvusann.ee\/et\/wp-json\/wp\/v2\/posts\/2938","targetHints":{"allow":["GET"]}}],"collection":[{"href":"https:\/\/savvusann.ee\/et\/wp-json\/wp\/v2\/posts"}],"about":[{"href":"https:\/\/savvusann.ee\/et\/wp-json\/wp\/v2\/types\/post"}],"author":[{"embeddable":true,"href":"https:\/\/savvusann.ee\/et\/wp-json\/wp\/v2\/users\/1"}],"replies":[{"embeddable":true,"href":"https:\/\/savvusann.ee\/et\/wp-json\/wp\/v2\/comments?post=2938"}],"version-history":[{"count":1,"href":"https:\/\/savvusann.ee\/et\/wp-json\/wp\/v2\/posts\/2938\/revisions"}],"predecessor-version":[{"id":2939,"href":"https:\/\/savvusann.ee\/et\/wp-json\/wp\/v2\/posts\/2938\/revisions\/2939"}],"wp:featuredmedia":[{"embeddable":true,"href":"https:\/\/savvusann.ee\/et\/wp-json\/wp\/v2\/media\/2936"}],"wp:attachment":[{"href":"https:\/\/savvusann.ee\/et\/wp-json\/wp\/v2\/media?parent=2938"}],"wp:term":[{"taxonomy":"category","embeddable":true,"href":"https:\/\/savvusann.ee\/et\/wp-json\/wp\/v2\/categories?post=2938"},{"taxonomy":"post_tag","embeddable":true,"href":"https:\/\/savvusann.ee\/et\/wp-json\/wp\/v2\/tags?post=2938"}],"curies":[{"name":"wp","href":"https:\/\/api.w.org\/{rel}","templated":true}]}}