{"id":372,"date":"2013-03-19T14:41:04","date_gmt":"2013-03-19T12:41:04","guid":{"rendered":"http:\/\/savvusann.ee\/?p=372"},"modified":"2018-04-17T14:42:10","modified_gmt":"2018-04-17T11:42:10","slug":"vorokeste-suitsusauna-unesco-taotlus-laks-teele","status":"publish","type":"post","link":"https:\/\/savvusann.ee\/et\/vorokeste-suitsusauna-unesco-taotlus-laks-teele\/","title":{"rendered":"V\u00f5rokeste suitsusauna UNESCO taotlus l\u00e4ks teele"},"content":{"rendered":"<p>Eesti riik esitas UNESCO-le taotluse kanda Vana V\u00f5romaa suitsusaunakombestik inimkonna vaimse kultuurip\u00e4randi esindusnimekirja. Kultuuriminister Rein Lang \u00a0allkirjastas taotluse 20. m\u00e4rtsil. Taotlus koos lisamaterjalidega saadeti UNESCO peakorterisse Pariisi. Taotluse l\u00e4bivaatamine ning hindamine v\u00f5tab aega poolteist aastat, l\u00f5pliku otsuse teeb vaimse kultuurip\u00e4randi kaitse komitee 2014. aasta l\u00f5pus.<\/p>\n<p>V\u00f5rokeste kogukond on taotluse ettevalmistamisega tegelenud kolm aastat. Taotluse koostamist on juhtinud vabatahtlik suitsusauna koost\u00f6\u00f6kogu, kes tegutseb kohalike organisatsioonide toel. Taotluse koostamist n\u00f5ustas UNESCO Eesti Rahvuslik Komisjon.<\/p>\n<p>Taotluse ettevalmistusperioodil uuriti praegusaegset saunakombestikku ja tehti raamat, film ning r\u00e4ndn\u00e4itus V\u00f5romaa suitsusaunadest. Igal aastal toimuvad avatud suitsusaunade p\u00e4evad ja korraldatakse erinevaid \u00f5pitubasid teadmiste-oskuste jagamiseks. Tegevustesse on panustanud saunade omanikud, kodaniku\u00fchendused, asutused ja ettev\u00f5tted. Hea koost\u00f6\u00f6 on koost\u00f6\u00f6kogul olnud Tartu \u00dclikooliga, Eesti Rahva Muuseumiga, Rahvakultuuri Keskuse ja kultuuriministeeriumiga.<\/p>\n<p>Suitsusaun koos saunakombestikuga on Vana V\u00f5romaa kultuurip\u00e4randi oluline osa, mis vajab suuremat t\u00e4helepanu ja kogukonna \u00fchist tegutsemist, et suitsusaunad ja nendega seotud tavad elavas kasutuses edasi kestaksid.<\/p>\n<p>UNESCO esindusnimekirja j\u00f5udmiseks tehtud t\u00f6\u00f6 ja Vana V\u00f5rumaa saunakombestiku laiem teadvustamine on innustanud kohalikke peresid oma saunu taas korda tegema, uuesti kasutusele v\u00f5tma ja selle \u00fcle uhkust tundma.<\/p>\n<p>V\u00f5rokeste suitsusauna koost\u00f6\u00f6kogu on erinevate organisatsioonide esindajate ning kodanike vabatahtlik tegutsemis\u00fchendus, mille tegevust koordineerib MT\u00dc V\u00f5ro Selts VKKF, osalevad O\u00dc Mooska, MT\u00dc Hinokad, V\u00f5ru Instituut, MT\u00dc Haanjamaa Kultuurikoda, P\u00f5lvamaa Talurahvamuuseum, MT\u00dc Karula Hoiu \u00dching, V\u00f5rumaa Turismiliit, MT\u00dc Vanaajamaja ja veel mitmete organisatsioonide esindajad.<\/p>\n<p>Info: K\u00fclli Eichenbaum<\/p>\n<p>suitsusaunade koost\u00f6\u00f6kogu infojuht,<\/p>\n<p>V\u00f5ru Instituut<\/p>\n<p>tel 56611924<\/p>\n","protected":false},"excerpt":{"rendered":"<p>Eesti riik esitas UNESCO-le taotluse kanda Vana V\u00f5romaa suitsusaunakombestik inimkonna vaimse kultuurip\u00e4randi esindusnimekirja. Kultuuriminister Rein Lang \u00a0allkirjastas taotluse 20. m\u00e4rtsil. Taotlus koos lisamaterjalidega saadeti UNESCO [&hellip;]<\/p>\n","protected":false},"author":1,"featured_media":373,"comment_status":"closed","ping_status":"closed","sticky":false,"template":"","format":"standard","meta":{"footnotes":""},"categories":[1],"tags":[],"class_list":["post-372","post","type-post","status-publish","format-standard","has-post-thumbnail","hentry","category-uudised"],"yoast_head":"<!-- This site is optimized with the Yoast SEO plugin v27.4 - https:\/\/yoast.com\/product\/yoast-seo-wordpress\/ -->\n<title>V\u00f5rokeste suitsusauna UNESCO taotlus l\u00e4ks teele - Savvusann<\/title>\n<meta name=\"robots\" content=\"index, follow, max-snippet:-1, max-image-preview:large, max-video-preview:-1\" \/>\n<link rel=\"canonical\" href=\"https:\/\/savvusann.ee\/et\/vorokeste-suitsusauna-unesco-taotlus-laks-teele\/\" \/>\n<meta property=\"og:locale\" content=\"et_EE\" \/>\n<meta property=\"og:type\" content=\"article\" \/>\n<meta property=\"og:title\" content=\"V\u00f5rokeste suitsusauna UNESCO taotlus l\u00e4ks teele - Savvusann\" \/>\n<meta property=\"og:description\" content=\"Eesti riik esitas UNESCO-le taotluse kanda Vana V\u00f5romaa suitsusaunakombestik inimkonna vaimse kultuurip\u00e4randi esindusnimekirja. Kultuuriminister Rein Lang \u00a0allkirjastas taotluse 20. m\u00e4rtsil. Taotlus koos lisamaterjalidega saadeti UNESCO [&hellip;]\" \/>\n<meta property=\"og:url\" content=\"https:\/\/savvusann.ee\/et\/vorokeste-suitsusauna-unesco-taotlus-laks-teele\/\" \/>\n<meta property=\"og:site_name\" content=\"Savvusann\" \/>\n<meta property=\"article:published_time\" content=\"2013-03-19T12:41:04+00:00\" \/>\n<meta property=\"article:modified_time\" content=\"2018-04-17T11:42:10+00:00\" \/>\n<meta property=\"og:image\" content=\"https:\/\/savvusann.ee\/wp-content\/uploads\/2018\/04\/taotlus_valmis_14_03_2013.jpg\" \/>\n\t<meta property=\"og:image:width\" content=\"838\" \/>\n\t<meta property=\"og:image:height\" content=\"644\" \/>\n\t<meta property=\"og:image:type\" content=\"image\/jpeg\" \/>\n<meta name=\"author\" content=\"veebimeister\" \/>\n<meta name=\"twitter:card\" content=\"summary_large_image\" \/>\n<meta name=\"twitter:label1\" content=\"Written by\" \/>\n\t<meta name=\"twitter:data1\" content=\"veebimeister\" \/>\n\t<meta name=\"twitter:label2\" content=\"Est. reading time\" \/>\n\t<meta name=\"twitter:data2\" content=\"1 minut\" \/>\n<script type=\"application\/ld+json\" class=\"yoast-schema-graph\">{\"@context\":\"https:\\\/\\\/schema.org\",\"@graph\":[{\"@type\":\"Article\",\"@id\":\"https:\\\/\\\/savvusann.ee\\\/et\\\/vorokeste-suitsusauna-unesco-taotlus-laks-teele\\\/#article\",\"isPartOf\":{\"@id\":\"https:\\\/\\\/savvusann.ee\\\/et\\\/vorokeste-suitsusauna-unesco-taotlus-laks-teele\\\/\"},\"author\":{\"name\":\"veebimeister\",\"@id\":\"https:\\\/\\\/savvusann.ee\\\/et\\\/#\\\/schema\\\/person\\\/1ea85d6c0c8d1528cfab3303ec25cbaa\"},\"headline\":\"V\u00f5rokeste suitsusauna UNESCO taotlus l\u00e4ks teele\",\"datePublished\":\"2013-03-19T12:41:04+00:00\",\"dateModified\":\"2018-04-17T11:42:10+00:00\",\"mainEntityOfPage\":{\"@id\":\"https:\\\/\\\/savvusann.ee\\\/et\\\/vorokeste-suitsusauna-unesco-taotlus-laks-teele\\\/\"},\"wordCount\":267,\"image\":{\"@id\":\"https:\\\/\\\/savvusann.ee\\\/et\\\/vorokeste-suitsusauna-unesco-taotlus-laks-teele\\\/#primaryimage\"},\"thumbnailUrl\":\"https:\\\/\\\/savvusann.ee\\\/wp-content\\\/uploads\\\/2018\\\/04\\\/taotlus_valmis_14_03_2013.jpg\",\"articleSection\":[\"Uudised\"],\"inLanguage\":\"et\"},{\"@type\":\"WebPage\",\"@id\":\"https:\\\/\\\/savvusann.ee\\\/et\\\/vorokeste-suitsusauna-unesco-taotlus-laks-teele\\\/\",\"url\":\"https:\\\/\\\/savvusann.ee\\\/et\\\/vorokeste-suitsusauna-unesco-taotlus-laks-teele\\\/\",\"name\":\"V\u00f5rokeste suitsusauna UNESCO taotlus l\u00e4ks teele - Savvusann\",\"isPartOf\":{\"@id\":\"https:\\\/\\\/savvusann.ee\\\/et\\\/#website\"},\"primaryImageOfPage\":{\"@id\":\"https:\\\/\\\/savvusann.ee\\\/et\\\/vorokeste-suitsusauna-unesco-taotlus-laks-teele\\\/#primaryimage\"},\"image\":{\"@id\":\"https:\\\/\\\/savvusann.ee\\\/et\\\/vorokeste-suitsusauna-unesco-taotlus-laks-teele\\\/#primaryimage\"},\"thumbnailUrl\":\"https:\\\/\\\/savvusann.ee\\\/wp-content\\\/uploads\\\/2018\\\/04\\\/taotlus_valmis_14_03_2013.jpg\",\"datePublished\":\"2013-03-19T12:41:04+00:00\",\"dateModified\":\"2018-04-17T11:42:10+00:00\",\"author\":{\"@id\":\"https:\\\/\\\/savvusann.ee\\\/et\\\/#\\\/schema\\\/person\\\/1ea85d6c0c8d1528cfab3303ec25cbaa\"},\"breadcrumb\":{\"@id\":\"https:\\\/\\\/savvusann.ee\\\/et\\\/vorokeste-suitsusauna-unesco-taotlus-laks-teele\\\/#breadcrumb\"},\"inLanguage\":\"et\",\"potentialAction\":[{\"@type\":\"ReadAction\",\"target\":[\"https:\\\/\\\/savvusann.ee\\\/et\\\/vorokeste-suitsusauna-unesco-taotlus-laks-teele\\\/\"]}]},{\"@type\":\"ImageObject\",\"inLanguage\":\"et\",\"@id\":\"https:\\\/\\\/savvusann.ee\\\/et\\\/vorokeste-suitsusauna-unesco-taotlus-laks-teele\\\/#primaryimage\",\"url\":\"https:\\\/\\\/savvusann.ee\\\/wp-content\\\/uploads\\\/2018\\\/04\\\/taotlus_valmis_14_03_2013.jpg\",\"contentUrl\":\"https:\\\/\\\/savvusann.ee\\\/wp-content\\\/uploads\\\/2018\\\/04\\\/taotlus_valmis_14_03_2013.jpg\",\"width\":838,\"height\":644,\"caption\":\"V\u00f5rokeste suitsusauna UNESCO taotlus\"},{\"@type\":\"BreadcrumbList\",\"@id\":\"https:\\\/\\\/savvusann.ee\\\/et\\\/vorokeste-suitsusauna-unesco-taotlus-laks-teele\\\/#breadcrumb\",\"itemListElement\":[{\"@type\":\"ListItem\",\"position\":1,\"name\":\"Home\",\"item\":\"https:\\\/\\\/savvusann.ee\\\/et\\\/\"},{\"@type\":\"ListItem\",\"position\":2,\"name\":\"V\u00f5rokeste suitsusauna UNESCO taotlus l\u00e4ks teele\"}]},{\"@type\":\"WebSite\",\"@id\":\"https:\\\/\\\/savvusann.ee\\\/et\\\/#website\",\"url\":\"https:\\\/\\\/savvusann.ee\\\/et\\\/\",\"name\":\"Savvusann\",\"description\":\"Vana-V\u00f5romaa Savvusann\",\"potentialAction\":[{\"@type\":\"SearchAction\",\"target\":{\"@type\":\"EntryPoint\",\"urlTemplate\":\"https:\\\/\\\/savvusann.ee\\\/et\\\/?s={search_term_string}\"},\"query-input\":{\"@type\":\"PropertyValueSpecification\",\"valueRequired\":true,\"valueName\":\"search_term_string\"}}],\"inLanguage\":\"et\"},{\"@type\":\"Person\",\"@id\":\"https:\\\/\\\/savvusann.ee\\\/et\\\/#\\\/schema\\\/person\\\/1ea85d6c0c8d1528cfab3303ec25cbaa\",\"name\":\"veebimeister\",\"image\":{\"@type\":\"ImageObject\",\"inLanguage\":\"et\",\"@id\":\"https:\\\/\\\/secure.gravatar.com\\\/avatar\\\/07d7287fd7838490ad7924b8f9cd4801552fa9aff79e74220df9318f7520ad81?s=96&d=mm&r=g\",\"url\":\"https:\\\/\\\/secure.gravatar.com\\\/avatar\\\/07d7287fd7838490ad7924b8f9cd4801552fa9aff79e74220df9318f7520ad81?s=96&d=mm&r=g\",\"contentUrl\":\"https:\\\/\\\/secure.gravatar.com\\\/avatar\\\/07d7287fd7838490ad7924b8f9cd4801552fa9aff79e74220df9318f7520ad81?s=96&d=mm&r=g\",\"caption\":\"veebimeister\"}}]}<\/script>\n<!-- \/ Yoast SEO plugin. -->","yoast_head_json":{"title":"V\u00f5rokeste suitsusauna UNESCO taotlus l\u00e4ks teele - Savvusann","robots":{"index":"index","follow":"follow","max-snippet":"max-snippet:-1","max-image-preview":"max-image-preview:large","max-video-preview":"max-video-preview:-1"},"canonical":"https:\/\/savvusann.ee\/et\/vorokeste-suitsusauna-unesco-taotlus-laks-teele\/","og_locale":"et_EE","og_type":"article","og_title":"V\u00f5rokeste suitsusauna UNESCO taotlus l\u00e4ks teele - Savvusann","og_description":"Eesti riik esitas UNESCO-le taotluse kanda Vana V\u00f5romaa suitsusaunakombestik inimkonna vaimse kultuurip\u00e4randi esindusnimekirja. Kultuuriminister Rein Lang \u00a0allkirjastas taotluse 20. m\u00e4rtsil. Taotlus koos lisamaterjalidega saadeti UNESCO [&hellip;]","og_url":"https:\/\/savvusann.ee\/et\/vorokeste-suitsusauna-unesco-taotlus-laks-teele\/","og_site_name":"Savvusann","article_published_time":"2013-03-19T12:41:04+00:00","article_modified_time":"2018-04-17T11:42:10+00:00","og_image":[{"width":838,"height":644,"url":"https:\/\/savvusann.ee\/wp-content\/uploads\/2018\/04\/taotlus_valmis_14_03_2013.jpg","type":"image\/jpeg"}],"author":"veebimeister","twitter_card":"summary_large_image","twitter_misc":{"Written by":"veebimeister","Est. reading time":"1 minut"},"schema":{"@context":"https:\/\/schema.org","@graph":[{"@type":"Article","@id":"https:\/\/savvusann.ee\/et\/vorokeste-suitsusauna-unesco-taotlus-laks-teele\/#article","isPartOf":{"@id":"https:\/\/savvusann.ee\/et\/vorokeste-suitsusauna-unesco-taotlus-laks-teele\/"},"author":{"name":"veebimeister","@id":"https:\/\/savvusann.ee\/et\/#\/schema\/person\/1ea85d6c0c8d1528cfab3303ec25cbaa"},"headline":"V\u00f5rokeste suitsusauna UNESCO taotlus l\u00e4ks teele","datePublished":"2013-03-19T12:41:04+00:00","dateModified":"2018-04-17T11:42:10+00:00","mainEntityOfPage":{"@id":"https:\/\/savvusann.ee\/et\/vorokeste-suitsusauna-unesco-taotlus-laks-teele\/"},"wordCount":267,"image":{"@id":"https:\/\/savvusann.ee\/et\/vorokeste-suitsusauna-unesco-taotlus-laks-teele\/#primaryimage"},"thumbnailUrl":"https:\/\/savvusann.ee\/wp-content\/uploads\/2018\/04\/taotlus_valmis_14_03_2013.jpg","articleSection":["Uudised"],"inLanguage":"et"},{"@type":"WebPage","@id":"https:\/\/savvusann.ee\/et\/vorokeste-suitsusauna-unesco-taotlus-laks-teele\/","url":"https:\/\/savvusann.ee\/et\/vorokeste-suitsusauna-unesco-taotlus-laks-teele\/","name":"V\u00f5rokeste suitsusauna UNESCO taotlus l\u00e4ks teele - Savvusann","isPartOf":{"@id":"https:\/\/savvusann.ee\/et\/#website"},"primaryImageOfPage":{"@id":"https:\/\/savvusann.ee\/et\/vorokeste-suitsusauna-unesco-taotlus-laks-teele\/#primaryimage"},"image":{"@id":"https:\/\/savvusann.ee\/et\/vorokeste-suitsusauna-unesco-taotlus-laks-teele\/#primaryimage"},"thumbnailUrl":"https:\/\/savvusann.ee\/wp-content\/uploads\/2018\/04\/taotlus_valmis_14_03_2013.jpg","datePublished":"2013-03-19T12:41:04+00:00","dateModified":"2018-04-17T11:42:10+00:00","author":{"@id":"https:\/\/savvusann.ee\/et\/#\/schema\/person\/1ea85d6c0c8d1528cfab3303ec25cbaa"},"breadcrumb":{"@id":"https:\/\/savvusann.ee\/et\/vorokeste-suitsusauna-unesco-taotlus-laks-teele\/#breadcrumb"},"inLanguage":"et","potentialAction":[{"@type":"ReadAction","target":["https:\/\/savvusann.ee\/et\/vorokeste-suitsusauna-unesco-taotlus-laks-teele\/"]}]},{"@type":"ImageObject","inLanguage":"et","@id":"https:\/\/savvusann.ee\/et\/vorokeste-suitsusauna-unesco-taotlus-laks-teele\/#primaryimage","url":"https:\/\/savvusann.ee\/wp-content\/uploads\/2018\/04\/taotlus_valmis_14_03_2013.jpg","contentUrl":"https:\/\/savvusann.ee\/wp-content\/uploads\/2018\/04\/taotlus_valmis_14_03_2013.jpg","width":838,"height":644,"caption":"V\u00f5rokeste suitsusauna UNESCO taotlus"},{"@type":"BreadcrumbList","@id":"https:\/\/savvusann.ee\/et\/vorokeste-suitsusauna-unesco-taotlus-laks-teele\/#breadcrumb","itemListElement":[{"@type":"ListItem","position":1,"name":"Home","item":"https:\/\/savvusann.ee\/et\/"},{"@type":"ListItem","position":2,"name":"V\u00f5rokeste suitsusauna UNESCO taotlus l\u00e4ks teele"}]},{"@type":"WebSite","@id":"https:\/\/savvusann.ee\/et\/#website","url":"https:\/\/savvusann.ee\/et\/","name":"Savvusann","description":"Vana-V\u00f5romaa Savvusann","potentialAction":[{"@type":"SearchAction","target":{"@type":"EntryPoint","urlTemplate":"https:\/\/savvusann.ee\/et\/?s={search_term_string}"},"query-input":{"@type":"PropertyValueSpecification","valueRequired":true,"valueName":"search_term_string"}}],"inLanguage":"et"},{"@type":"Person","@id":"https:\/\/savvusann.ee\/et\/#\/schema\/person\/1ea85d6c0c8d1528cfab3303ec25cbaa","name":"veebimeister","image":{"@type":"ImageObject","inLanguage":"et","@id":"https:\/\/secure.gravatar.com\/avatar\/07d7287fd7838490ad7924b8f9cd4801552fa9aff79e74220df9318f7520ad81?s=96&d=mm&r=g","url":"https:\/\/secure.gravatar.com\/avatar\/07d7287fd7838490ad7924b8f9cd4801552fa9aff79e74220df9318f7520ad81?s=96&d=mm&r=g","contentUrl":"https:\/\/secure.gravatar.com\/avatar\/07d7287fd7838490ad7924b8f9cd4801552fa9aff79e74220df9318f7520ad81?s=96&d=mm&r=g","caption":"veebimeister"}}]}},"_links":{"self":[{"href":"https:\/\/savvusann.ee\/et\/wp-json\/wp\/v2\/posts\/372","targetHints":{"allow":["GET"]}}],"collection":[{"href":"https:\/\/savvusann.ee\/et\/wp-json\/wp\/v2\/posts"}],"about":[{"href":"https:\/\/savvusann.ee\/et\/wp-json\/wp\/v2\/types\/post"}],"author":[{"embeddable":true,"href":"https:\/\/savvusann.ee\/et\/wp-json\/wp\/v2\/users\/1"}],"replies":[{"embeddable":true,"href":"https:\/\/savvusann.ee\/et\/wp-json\/wp\/v2\/comments?post=372"}],"version-history":[{"count":1,"href":"https:\/\/savvusann.ee\/et\/wp-json\/wp\/v2\/posts\/372\/revisions"}],"predecessor-version":[{"id":374,"href":"https:\/\/savvusann.ee\/et\/wp-json\/wp\/v2\/posts\/372\/revisions\/374"}],"wp:featuredmedia":[{"embeddable":true,"href":"https:\/\/savvusann.ee\/et\/wp-json\/wp\/v2\/media\/373"}],"wp:attachment":[{"href":"https:\/\/savvusann.ee\/et\/wp-json\/wp\/v2\/media?parent=372"}],"wp:term":[{"taxonomy":"category","embeddable":true,"href":"https:\/\/savvusann.ee\/et\/wp-json\/wp\/v2\/categories?post=372"},{"taxonomy":"post_tag","embeddable":true,"href":"https:\/\/savvusann.ee\/et\/wp-json\/wp\/v2\/tags?post=372"}],"curies":[{"name":"wp","href":"https:\/\/api.w.org\/{rel}","templated":true}]}}