{"id":421,"date":"2013-11-13T15:59:22","date_gmt":"2013-11-13T13:59:22","guid":{"rendered":"http:\/\/savvusann.ee\/?p=421"},"modified":"2018-04-17T16:02:26","modified_gmt":"2018-04-17T13:02:26","slug":"suitsusaunapaev-vastseliina-kihelkonnas","status":"publish","type":"post","link":"https:\/\/savvusann.ee\/et\/suitsusaunapaev-vastseliina-kihelkonnas\/","title":{"rendered":"Suitsusaunap\u00e4ev Vastseliina kihelkonnas"},"content":{"rendered":"<p>V\u00f5romaa suitsusauna koost\u00f6\u00f6kogu kutsub k\u00f5iki huvilisi suitsusaunap\u00e4evale &#8220;Mi uma <strong>savvusann&#8221;<\/strong><strong>\u00a0<\/strong><\/p>\n<p>Suitsusaunap\u00e4ev toimub <strong>27. novembril algusega kell 14 <\/strong>Vastseliina kihelkonnas <strong>Vastseliina Piiskopilinnuses <\/strong>Neuhauseni majas.<\/p>\n<p>KAVAS:<\/p>\n<p><strong>14-15.30 \u00a0K\u00f5nelemised <\/strong><\/p>\n<p>L\u00fchk\u00fclt savvusanna-tegemiisist m\u00e4rdip\u00e4\u00e4v\u00e4st m\u00e4rdip\u00e4\u00e4v\u00e4ni. <i>Suidusannu kuunt\u00fc\u00fckogo iistvid\u00e4j\u00e4 K\u00fclli Eichenbaum<\/i><\/p>\n<p>Vahts\u00f5liina kandi suidsusannust. <i>2013 aasta suvel v\u00e4lit\u00f6\u00f6del n\u00e4htut ja kuuldut jagavad Tartu \u00dclikooli \u00fcli\u00f5pilased<\/i><\/p>\n<p>Haani suidsusannan\u00e4d\u00e4list <i>k\u00f5neleb uue sauna peremees ja pillimees Noormaa Tarmo<\/i><\/p>\n<p><strong><i>Kosutuspaus kohvi- ja teelaua \u00fcmber <\/i><\/strong><\/p>\n<p><strong>15.45 -17.00 T\u00f6\u00f6tuba ja arutlusring <\/strong><\/p>\n<p>Suitsusaun turismis. Turismiettev\u00f5tja saunaelamuse vahendajana.<\/p>\n<p><i>T\u00f6\u00f6tuba ja arutelu juhatab Tartu \u00dclikooli etnoloogia teadur Ester Bardone<\/i><\/p>\n<p><strong><i>Saunamaa peremees k\u00fctab \u00f5htuks suitsusauna R\u00f5uge kihelkonnas Nogu k\u00fclas Saunamaal.<\/i><\/strong><\/p>\n<ul>\n<li><i>Korraldajad paluvad osalemissoovist teada anda hiljemalt kadrip\u00e4evaks, 25. novembriks.<\/i><\/li>\n<li><i>Anna kindlasti teada, kui tahad \u00f5htul suitsusauna minna.<\/i><\/li>\n<li><i>Kaasa palume v\u00f5tta 4.- eurot, mis j\u00e4\u00e4b linnuse pererahvale t\u00e4nuks kosti pakkumise eest.<\/i><\/li>\n<li><i>Kui tahad enne seminari algust linnusega tutvuda, anna sellest soovist korraldajatele teada. V\u00f5imalik on \u00a0korraldada v\u00e4ike ringk\u00e4ik linnuserahva juhatamisel kell 13-14.<\/i><\/li>\n<\/ul>\n<p><strong>Info ja kirjapanek:<\/strong><\/p>\n<p>K\u00fclli Eichenbaum (V\u00f5ro Instituut), tel 56 61 19 24, <a href=\"&#109;&#97;&#x69;l&#116;&#x6f;&#x3a;k&#121;&#x6c;&#x6c;i&#46;&#x65;i&#99;&#x68;&#x65;n&#98;&#x61;&#x75;m&#64;&#x67;m&#97;&#x69;&#x6c;&#46;&#99;&#x6f;&#x6d;\">&#x6b;&#x79;&#x6c;&#x6c;&#105;&#46;&#101;ic&#x68;&#x65;&#x6e;&#x62;&#x61;&#117;&#109;&#64;gm&#x61;&#x69;&#x6c;&#x2e;&#x63;&#111;&#109;<\/a><\/p>\n<p>Eda Veeroja (Mooska talo), tel <a href=\"tel:%2B372%205032341\" target=\"_blank\" rel=\"noopener\">\u00a050 32 341<\/a>, <a href=\"&#x6d;&#x61;&#105;&#108;t&#x6f;&#x3a;&#x65;&#100;a&#46;&#x76;&#x65;&#101;&#114;o&#x6a;&#x61;&#x40;&#103;ma&#x69;&#x6c;&#46;&#99;o&#x6d;\">e&#100;&#97;&#46;&#x76;&#x65;&#x65;ro&#106;&#97;&#x40;&#x67;&#x6d;&#x61;il&#46;&#99;&#x6f;&#x6d;<\/a><\/p>\n<p>N\u00e4emi savvusannap\u00e4\u00e4v\u00e4l!<\/p>\n<p><strong>P\u00e4eva korraldavad<\/strong>: <i>V\u00f5romaa suidsusannu kuunt\u00fc\u00fckogo, V\u00f5romaa Kutsehariduskeskus, V\u00f5ro Instituut, V\u00f5ro Selts VKKF, Vastseliina Piiskopilinnuse SA, Saunamaa.<\/i><\/p>\n<p><strong>Toetab:<\/strong> <i>Rahvakultuuri Keskus Vana V\u00f5romaa kultuuriprogrammist. <\/i><\/p>\n","protected":false},"excerpt":{"rendered":"<p>V\u00f5romaa suitsusauna koost\u00f6\u00f6kogu kutsub k\u00f5iki huvilisi suitsusaunap\u00e4evale &#8220;Mi uma savvusann&#8221;\u00a0 Suitsusaunap\u00e4ev toimub 27. novembril algusega kell 14 Vastseliina kihelkonnas Vastseliina Piiskopilinnuses Neuhauseni majas. KAVAS: 14-15.30 [&hellip;]<\/p>\n","protected":false},"author":1,"featured_media":423,"comment_status":"closed","ping_status":"closed","sticky":false,"template":"","format":"standard","meta":{"footnotes":""},"categories":[1],"tags":[],"class_list":["post-421","post","type-post","status-publish","format-standard","has-post-thumbnail","hentry","category-uudised"],"yoast_head":"<!-- This site is optimized with the Yoast SEO plugin v27.4 - https:\/\/yoast.com\/product\/yoast-seo-wordpress\/ -->\n<title>Suitsusaunap\u00e4ev Vastseliina kihelkonnas - Savvusann<\/title>\n<meta name=\"robots\" content=\"index, follow, max-snippet:-1, max-image-preview:large, max-video-preview:-1\" \/>\n<link rel=\"canonical\" href=\"https:\/\/savvusann.ee\/et\/suitsusaunapaev-vastseliina-kihelkonnas\/\" \/>\n<meta property=\"og:locale\" content=\"et_EE\" \/>\n<meta property=\"og:type\" content=\"article\" \/>\n<meta property=\"og:title\" content=\"Suitsusaunap\u00e4ev Vastseliina kihelkonnas - Savvusann\" \/>\n<meta property=\"og:description\" content=\"V\u00f5romaa suitsusauna koost\u00f6\u00f6kogu kutsub k\u00f5iki huvilisi suitsusaunap\u00e4evale &#8220;Mi uma savvusann&#8221;\u00a0 Suitsusaunap\u00e4ev toimub 27. novembril algusega kell 14 Vastseliina kihelkonnas Vastseliina Piiskopilinnuses Neuhauseni majas. KAVAS: 14-15.30 [&hellip;]\" \/>\n<meta property=\"og:url\" content=\"https:\/\/savvusann.ee\/et\/suitsusaunapaev-vastseliina-kihelkonnas\/\" \/>\n<meta property=\"og:site_name\" content=\"Savvusann\" \/>\n<meta property=\"article:published_time\" content=\"2013-11-13T13:59:22+00:00\" \/>\n<meta property=\"article:modified_time\" content=\"2018-04-17T13:02:26+00:00\" \/>\n<meta property=\"og:image\" content=\"https:\/\/savvusann.ee\/wp-content\/uploads\/2013\/11\/nogese_viht_mundil_vaiku.jpg\" \/>\n\t<meta property=\"og:image:width\" content=\"363\" \/>\n\t<meta property=\"og:image:height\" content=\"500\" \/>\n\t<meta property=\"og:image:type\" content=\"image\/jpeg\" \/>\n<meta name=\"author\" content=\"veebimeister\" \/>\n<meta name=\"twitter:card\" content=\"summary_large_image\" \/>\n<meta name=\"twitter:label1\" content=\"Written by\" \/>\n\t<meta name=\"twitter:data1\" content=\"veebimeister\" \/>\n\t<meta name=\"twitter:label2\" content=\"Est. reading time\" \/>\n\t<meta name=\"twitter:data2\" content=\"1 minut\" \/>\n<script type=\"application\/ld+json\" class=\"yoast-schema-graph\">{\"@context\":\"https:\\\/\\\/schema.org\",\"@graph\":[{\"@type\":\"Article\",\"@id\":\"https:\\\/\\\/savvusann.ee\\\/et\\\/suitsusaunapaev-vastseliina-kihelkonnas\\\/#article\",\"isPartOf\":{\"@id\":\"https:\\\/\\\/savvusann.ee\\\/et\\\/suitsusaunapaev-vastseliina-kihelkonnas\\\/\"},\"author\":{\"name\":\"veebimeister\",\"@id\":\"https:\\\/\\\/savvusann.ee\\\/et\\\/#\\\/schema\\\/person\\\/1ea85d6c0c8d1528cfab3303ec25cbaa\"},\"headline\":\"Suitsusaunap\u00e4ev Vastseliina kihelkonnas\",\"datePublished\":\"2013-11-13T13:59:22+00:00\",\"dateModified\":\"2018-04-17T13:02:26+00:00\",\"mainEntityOfPage\":{\"@id\":\"https:\\\/\\\/savvusann.ee\\\/et\\\/suitsusaunapaev-vastseliina-kihelkonnas\\\/\"},\"wordCount\":239,\"image\":{\"@id\":\"https:\\\/\\\/savvusann.ee\\\/et\\\/suitsusaunapaev-vastseliina-kihelkonnas\\\/#primaryimage\"},\"thumbnailUrl\":\"https:\\\/\\\/savvusann.ee\\\/wp-content\\\/uploads\\\/2013\\\/11\\\/nogese_viht_mundil_vaiku.jpg\",\"articleSection\":[\"Uudised\"],\"inLanguage\":\"et\"},{\"@type\":\"WebPage\",\"@id\":\"https:\\\/\\\/savvusann.ee\\\/et\\\/suitsusaunapaev-vastseliina-kihelkonnas\\\/\",\"url\":\"https:\\\/\\\/savvusann.ee\\\/et\\\/suitsusaunapaev-vastseliina-kihelkonnas\\\/\",\"name\":\"Suitsusaunap\u00e4ev Vastseliina kihelkonnas - Savvusann\",\"isPartOf\":{\"@id\":\"https:\\\/\\\/savvusann.ee\\\/et\\\/#website\"},\"primaryImageOfPage\":{\"@id\":\"https:\\\/\\\/savvusann.ee\\\/et\\\/suitsusaunapaev-vastseliina-kihelkonnas\\\/#primaryimage\"},\"image\":{\"@id\":\"https:\\\/\\\/savvusann.ee\\\/et\\\/suitsusaunapaev-vastseliina-kihelkonnas\\\/#primaryimage\"},\"thumbnailUrl\":\"https:\\\/\\\/savvusann.ee\\\/wp-content\\\/uploads\\\/2013\\\/11\\\/nogese_viht_mundil_vaiku.jpg\",\"datePublished\":\"2013-11-13T13:59:22+00:00\",\"dateModified\":\"2018-04-17T13:02:26+00:00\",\"author\":{\"@id\":\"https:\\\/\\\/savvusann.ee\\\/et\\\/#\\\/schema\\\/person\\\/1ea85d6c0c8d1528cfab3303ec25cbaa\"},\"breadcrumb\":{\"@id\":\"https:\\\/\\\/savvusann.ee\\\/et\\\/suitsusaunapaev-vastseliina-kihelkonnas\\\/#breadcrumb\"},\"inLanguage\":\"et\",\"potentialAction\":[{\"@type\":\"ReadAction\",\"target\":[\"https:\\\/\\\/savvusann.ee\\\/et\\\/suitsusaunapaev-vastseliina-kihelkonnas\\\/\"]}]},{\"@type\":\"ImageObject\",\"inLanguage\":\"et\",\"@id\":\"https:\\\/\\\/savvusann.ee\\\/et\\\/suitsusaunapaev-vastseliina-kihelkonnas\\\/#primaryimage\",\"url\":\"https:\\\/\\\/savvusann.ee\\\/wp-content\\\/uploads\\\/2013\\\/11\\\/nogese_viht_mundil_vaiku.jpg\",\"contentUrl\":\"https:\\\/\\\/savvusann.ee\\\/wp-content\\\/uploads\\\/2013\\\/11\\\/nogese_viht_mundil_vaiku.jpg\",\"width\":363,\"height\":500,\"caption\":\"Suitsusaunap\u00e4ev Vastseliina kihelkonnas\"},{\"@type\":\"BreadcrumbList\",\"@id\":\"https:\\\/\\\/savvusann.ee\\\/et\\\/suitsusaunapaev-vastseliina-kihelkonnas\\\/#breadcrumb\",\"itemListElement\":[{\"@type\":\"ListItem\",\"position\":1,\"name\":\"Home\",\"item\":\"https:\\\/\\\/savvusann.ee\\\/et\\\/\"},{\"@type\":\"ListItem\",\"position\":2,\"name\":\"Suitsusaunap\u00e4ev Vastseliina kihelkonnas\"}]},{\"@type\":\"WebSite\",\"@id\":\"https:\\\/\\\/savvusann.ee\\\/et\\\/#website\",\"url\":\"https:\\\/\\\/savvusann.ee\\\/et\\\/\",\"name\":\"Savvusann\",\"description\":\"Vana-V\u00f5romaa Savvusann\",\"potentialAction\":[{\"@type\":\"SearchAction\",\"target\":{\"@type\":\"EntryPoint\",\"urlTemplate\":\"https:\\\/\\\/savvusann.ee\\\/et\\\/?s={search_term_string}\"},\"query-input\":{\"@type\":\"PropertyValueSpecification\",\"valueRequired\":true,\"valueName\":\"search_term_string\"}}],\"inLanguage\":\"et\"},{\"@type\":\"Person\",\"@id\":\"https:\\\/\\\/savvusann.ee\\\/et\\\/#\\\/schema\\\/person\\\/1ea85d6c0c8d1528cfab3303ec25cbaa\",\"name\":\"veebimeister\",\"image\":{\"@type\":\"ImageObject\",\"inLanguage\":\"et\",\"@id\":\"https:\\\/\\\/secure.gravatar.com\\\/avatar\\\/07d7287fd7838490ad7924b8f9cd4801552fa9aff79e74220df9318f7520ad81?s=96&d=mm&r=g\",\"url\":\"https:\\\/\\\/secure.gravatar.com\\\/avatar\\\/07d7287fd7838490ad7924b8f9cd4801552fa9aff79e74220df9318f7520ad81?s=96&d=mm&r=g\",\"contentUrl\":\"https:\\\/\\\/secure.gravatar.com\\\/avatar\\\/07d7287fd7838490ad7924b8f9cd4801552fa9aff79e74220df9318f7520ad81?s=96&d=mm&r=g\",\"caption\":\"veebimeister\"}}]}<\/script>\n<!-- \/ Yoast SEO plugin. -->","yoast_head_json":{"title":"Suitsusaunap\u00e4ev Vastseliina kihelkonnas - Savvusann","robots":{"index":"index","follow":"follow","max-snippet":"max-snippet:-1","max-image-preview":"max-image-preview:large","max-video-preview":"max-video-preview:-1"},"canonical":"https:\/\/savvusann.ee\/et\/suitsusaunapaev-vastseliina-kihelkonnas\/","og_locale":"et_EE","og_type":"article","og_title":"Suitsusaunap\u00e4ev Vastseliina kihelkonnas - Savvusann","og_description":"V\u00f5romaa suitsusauna koost\u00f6\u00f6kogu kutsub k\u00f5iki huvilisi suitsusaunap\u00e4evale &#8220;Mi uma savvusann&#8221;\u00a0 Suitsusaunap\u00e4ev toimub 27. novembril algusega kell 14 Vastseliina kihelkonnas Vastseliina Piiskopilinnuses Neuhauseni majas. KAVAS: 14-15.30 [&hellip;]","og_url":"https:\/\/savvusann.ee\/et\/suitsusaunapaev-vastseliina-kihelkonnas\/","og_site_name":"Savvusann","article_published_time":"2013-11-13T13:59:22+00:00","article_modified_time":"2018-04-17T13:02:26+00:00","og_image":[{"width":363,"height":500,"url":"https:\/\/savvusann.ee\/wp-content\/uploads\/2013\/11\/nogese_viht_mundil_vaiku.jpg","type":"image\/jpeg"}],"author":"veebimeister","twitter_card":"summary_large_image","twitter_misc":{"Written by":"veebimeister","Est. reading time":"1 minut"},"schema":{"@context":"https:\/\/schema.org","@graph":[{"@type":"Article","@id":"https:\/\/savvusann.ee\/et\/suitsusaunapaev-vastseliina-kihelkonnas\/#article","isPartOf":{"@id":"https:\/\/savvusann.ee\/et\/suitsusaunapaev-vastseliina-kihelkonnas\/"},"author":{"name":"veebimeister","@id":"https:\/\/savvusann.ee\/et\/#\/schema\/person\/1ea85d6c0c8d1528cfab3303ec25cbaa"},"headline":"Suitsusaunap\u00e4ev Vastseliina kihelkonnas","datePublished":"2013-11-13T13:59:22+00:00","dateModified":"2018-04-17T13:02:26+00:00","mainEntityOfPage":{"@id":"https:\/\/savvusann.ee\/et\/suitsusaunapaev-vastseliina-kihelkonnas\/"},"wordCount":239,"image":{"@id":"https:\/\/savvusann.ee\/et\/suitsusaunapaev-vastseliina-kihelkonnas\/#primaryimage"},"thumbnailUrl":"https:\/\/savvusann.ee\/wp-content\/uploads\/2013\/11\/nogese_viht_mundil_vaiku.jpg","articleSection":["Uudised"],"inLanguage":"et"},{"@type":"WebPage","@id":"https:\/\/savvusann.ee\/et\/suitsusaunapaev-vastseliina-kihelkonnas\/","url":"https:\/\/savvusann.ee\/et\/suitsusaunapaev-vastseliina-kihelkonnas\/","name":"Suitsusaunap\u00e4ev Vastseliina kihelkonnas - Savvusann","isPartOf":{"@id":"https:\/\/savvusann.ee\/et\/#website"},"primaryImageOfPage":{"@id":"https:\/\/savvusann.ee\/et\/suitsusaunapaev-vastseliina-kihelkonnas\/#primaryimage"},"image":{"@id":"https:\/\/savvusann.ee\/et\/suitsusaunapaev-vastseliina-kihelkonnas\/#primaryimage"},"thumbnailUrl":"https:\/\/savvusann.ee\/wp-content\/uploads\/2013\/11\/nogese_viht_mundil_vaiku.jpg","datePublished":"2013-11-13T13:59:22+00:00","dateModified":"2018-04-17T13:02:26+00:00","author":{"@id":"https:\/\/savvusann.ee\/et\/#\/schema\/person\/1ea85d6c0c8d1528cfab3303ec25cbaa"},"breadcrumb":{"@id":"https:\/\/savvusann.ee\/et\/suitsusaunapaev-vastseliina-kihelkonnas\/#breadcrumb"},"inLanguage":"et","potentialAction":[{"@type":"ReadAction","target":["https:\/\/savvusann.ee\/et\/suitsusaunapaev-vastseliina-kihelkonnas\/"]}]},{"@type":"ImageObject","inLanguage":"et","@id":"https:\/\/savvusann.ee\/et\/suitsusaunapaev-vastseliina-kihelkonnas\/#primaryimage","url":"https:\/\/savvusann.ee\/wp-content\/uploads\/2013\/11\/nogese_viht_mundil_vaiku.jpg","contentUrl":"https:\/\/savvusann.ee\/wp-content\/uploads\/2013\/11\/nogese_viht_mundil_vaiku.jpg","width":363,"height":500,"caption":"Suitsusaunap\u00e4ev Vastseliina kihelkonnas"},{"@type":"BreadcrumbList","@id":"https:\/\/savvusann.ee\/et\/suitsusaunapaev-vastseliina-kihelkonnas\/#breadcrumb","itemListElement":[{"@type":"ListItem","position":1,"name":"Home","item":"https:\/\/savvusann.ee\/et\/"},{"@type":"ListItem","position":2,"name":"Suitsusaunap\u00e4ev Vastseliina kihelkonnas"}]},{"@type":"WebSite","@id":"https:\/\/savvusann.ee\/et\/#website","url":"https:\/\/savvusann.ee\/et\/","name":"Savvusann","description":"Vana-V\u00f5romaa Savvusann","potentialAction":[{"@type":"SearchAction","target":{"@type":"EntryPoint","urlTemplate":"https:\/\/savvusann.ee\/et\/?s={search_term_string}"},"query-input":{"@type":"PropertyValueSpecification","valueRequired":true,"valueName":"search_term_string"}}],"inLanguage":"et"},{"@type":"Person","@id":"https:\/\/savvusann.ee\/et\/#\/schema\/person\/1ea85d6c0c8d1528cfab3303ec25cbaa","name":"veebimeister","image":{"@type":"ImageObject","inLanguage":"et","@id":"https:\/\/secure.gravatar.com\/avatar\/07d7287fd7838490ad7924b8f9cd4801552fa9aff79e74220df9318f7520ad81?s=96&d=mm&r=g","url":"https:\/\/secure.gravatar.com\/avatar\/07d7287fd7838490ad7924b8f9cd4801552fa9aff79e74220df9318f7520ad81?s=96&d=mm&r=g","contentUrl":"https:\/\/secure.gravatar.com\/avatar\/07d7287fd7838490ad7924b8f9cd4801552fa9aff79e74220df9318f7520ad81?s=96&d=mm&r=g","caption":"veebimeister"}}]}},"_links":{"self":[{"href":"https:\/\/savvusann.ee\/et\/wp-json\/wp\/v2\/posts\/421","targetHints":{"allow":["GET"]}}],"collection":[{"href":"https:\/\/savvusann.ee\/et\/wp-json\/wp\/v2\/posts"}],"about":[{"href":"https:\/\/savvusann.ee\/et\/wp-json\/wp\/v2\/types\/post"}],"author":[{"embeddable":true,"href":"https:\/\/savvusann.ee\/et\/wp-json\/wp\/v2\/users\/1"}],"replies":[{"embeddable":true,"href":"https:\/\/savvusann.ee\/et\/wp-json\/wp\/v2\/comments?post=421"}],"version-history":[{"count":1,"href":"https:\/\/savvusann.ee\/et\/wp-json\/wp\/v2\/posts\/421\/revisions"}],"predecessor-version":[{"id":422,"href":"https:\/\/savvusann.ee\/et\/wp-json\/wp\/v2\/posts\/421\/revisions\/422"}],"wp:featuredmedia":[{"embeddable":true,"href":"https:\/\/savvusann.ee\/et\/wp-json\/wp\/v2\/media\/423"}],"wp:attachment":[{"href":"https:\/\/savvusann.ee\/et\/wp-json\/wp\/v2\/media?parent=421"}],"wp:term":[{"taxonomy":"category","embeddable":true,"href":"https:\/\/savvusann.ee\/et\/wp-json\/wp\/v2\/categories?post=421"},{"taxonomy":"post_tag","embeddable":true,"href":"https:\/\/savvusann.ee\/et\/wp-json\/wp\/v2\/tags?post=421"}],"curies":[{"name":"wp","href":"https:\/\/api.w.org\/{rel}","templated":true}]}}