{"id":451,"date":"2014-07-24T22:44:47","date_gmt":"2014-07-24T19:44:47","guid":{"rendered":"http:\/\/savvusann.ee\/?p=451"},"modified":"2018-04-17T22:48:52","modified_gmt":"2018-04-17T19:48:52","slug":"iv-haanimaa-suidsusanna-natal-toimub-8-10-augustil-2014","status":"publish","type":"post","link":"https:\/\/savvusann.ee\/et\/iv-haanimaa-suidsusanna-natal-toimub-8-10-augustil-2014\/","title":{"rendered":"IV Haanimaa suidsusanna n\u00e4t\u00e4l toimub 8.-10. augustil 2014"},"content":{"rendered":"<p><strong>Meie s\u00fcndmust iseloomustavad k\u00f5ige paremini s\u00f5nad &#8216;lihtsus&#8217; ja &#8216;loomulikkus&#8217;. Suitsusaunas k\u00e4imine on mitmetes Haanimaa peredes t\u00e4naseni loomulik elu osa. Igal saunal on oma lugu ja omad traditsioonid. Jagame ning tutvustame meie k\u00fclalistele seda v\u00e4\u00e4rtuslikku, mis meil on.<\/strong><\/p>\n<p>Meie suitsusaunan\u00e4dal on m\u00f5eldud eelk\u00f5ige inimestele, kes soovivad aja maha v\u00f5tta ja kulgeda loomulikult. M\u00f5elda hetkeks olulistele asjadele ja tegeleda &#8216;p\u00e4ris&#8217; eluga. Saunap\u00e4eval on saunalised kaasatud k\u00f5ikidesse tegevustesse, mida tuleb \u00fchel saunap\u00e4eval teha: puude tassimine, sauna k\u00fctmine, vee tassimine&#8230; Koos tehakse v\u00e4iksemaid talut\u00f6id, valmistatakse l\u00f5una- ja \u00f5htus\u00f6\u00f6ki. \u00dches\u00f5naga veedetakse \u00fcks loomulik p\u00e4ev Haanjamaal. Lisaks saunale on oluline roll ka traditsioonilisel p\u00e4rimusmuusikal ja k\u00e4sit\u00f6\u00f6l, mis on osa sellest n\u00e4dalast. Samuti toimuvad erinevad \u00f5pitoad, mis on tihedalt seotud suitsusauna ja loomuliku eluviisiga.<\/p>\n<p><strong>K\u00f5ik inimesed, kes soovivad osa saada meie s\u00fcndmusest, tulge meile k\u00fclla!<\/strong><\/p>\n<p>Samuti v\u00f5ib alati kirjutada ja helistada lisainfo saamiseks:<br \/>\nEda Veeroja, tel 503 2341 v\u00f5i e-posti teel <a href=\"&#x6d;a&#x69;&#108;&#x74;&#111;&#x3a;&#x65;d&#x61;&#46;&#x76;&#101;&#x65;&#114;o&#x6a;&#97;&#x40;&#103;&#x6d;&#97;i&#x6c;&#46;&#x63;&#111;&#x6d;\">&#x65;&#100;a&#x2e;&#x76;&#101;e&#x72;&#x6f;&#106;a&#x40;&#x67;&#109;a&#x69;&#x6c;&#46;c&#x6f;&#109;<\/a><\/p>\n<p>T\u00e4psema info toimuva kohta leiad edasi lugedes &#8230;<\/p>\n<p><em><strong>Tul\u00f5, iho ja heng saava&#8217; puhtas!<\/strong><\/em><\/p>\n<h2><strong>IV Haanimaa suidsusanna n\u00e4t\u00e4l 8.-10. augustil 2014<\/strong><\/h2>\n<h3><strong>Reede, 8. august<\/strong><\/h3>\n<p><strong>Kell 12 saunateemaline p\u00e4rimusmeditsiini \u00f5pituba Mikk Sarve juhendamisel Mooska talus.<\/strong><\/p>\n<p>Saunask\u00e4igul on oluline h\u00e4\u00e4lestumine. Selleks kasutatakse s\u00f5numisi, lausumisi, soovimisi ja loitse. Sauna astudes teretatakse sauna ja saunaleili, saunast lahkudes t\u00e4natakse sauna k\u00fctjaid, veevedajaid, sauna vaimu. Viheldes lausutakse endale v\u00f5i viheldavale tervenemist. Keskendume t\u00f6\u00f6toas erinevatele lausumistele, mis saunask\u00e4igu t\u00f5husamaks muudavad. \u00d5pime ise enda jaoks lausumiste s\u00f5nastamist. Veel r\u00e4\u00e4gime ajaarvamisest, kuu pehmetest ning k\u00f5vadest aegadest, puukalendritest, erinevate puudega sauna k\u00fctmisest, erinevatest taimedest vihtade tegemisest, erinevatest l\u00e4tetest saunavee toomisest. Saunask\u00e4igu ajal rakendame \u00f5pitud oskusi.<\/p>\n<p>Lisainfo ja registreerimine <strong>Eda Veeroja<\/strong> <a href=\"&#109;&#x61;i&#108;&#x74;o&#58;&#x65;d&#97;&#x2e;v&#101;&#x65;r&#111;&#x6a;a&#64;&#x67;m&#97;&#x69;l&#46;&#x63;o&#109;\">&#x65;&#x64;&#97;&#46;v&#x65;&#x65;&#x72;&#111;ja&#x40;&#x67;&#109;&#97;i&#x6c;&#x2e;&#x63;&#111;m<\/a><br \/>\nOsalustasu 1 p\u00e4ev 15\u20ac inimene;<br \/>\nEelregistreerimine VAJALIK!<br \/>\nKaasa palume v\u00f5tta isiklikud saunatarbed, matt v\u00f5i tekk.<br \/>\nOsalustasu sisaldab koolitust ja sauna.<\/p>\n<p><strong>Kell 12 palgi tappimise ja varamise \u00f5pituba Aivar Jallai juhendamisel \u00d6\u00f6biksaare talus.<\/strong><\/p>\n<p>\u00d6\u00f6biksaare palkmaja ehitajatel (http:\/\/www.oobiksaarepalkmajad.ee) on \u00fcle paarik\u00fcmne aasta kogemust, mida t\u00f6\u00f6toas osalejatega jagatakse. Alustame palgi koorimisest liimeistriga, saame selgeks erinevad kohalikud ja traditsioonilised tapid ja varad. Soovijad meisterdavad endale meelep\u00e4rase tarbeeseme meistri juhendamisel koju kaasa. \u00d5pituba l\u00f5peb \u00fchise saunask\u00e4iguga.<\/p>\n<p>Lisainfo ja registreerimine <strong>Eda Veeroja<\/strong> <a href=\"&#x6d;a&#x69;&#108;&#x74;&#111;:&#x65;&#100;&#x61;&#46;v&#x65;&#101;&#x72;&#111;j&#x61;&#64;&#x67;&#109;&#x61;&#x69;l&#x2e;&#99;&#x6f;&#109;\">&#101;&#100;&#x61;&#x2e;&#118;&#101;&#x65;&#x72;&#111;&#106;&#x61;&#x40;&#103;&#109;&#x61;&#x69;&#108;&#46;&#x63;&#x6f;&#109;<\/a><br \/>\nOsalustasu 1 p\u00e4ev 15\u20ac inimene;<br \/>\nEelregistreerimine VAJALIK!<br \/>\nKaasa palume v\u00f5tta t\u00f6\u00f6riided ja soovi korral t\u00f6\u00f6riistad ja isiklikud saunatarbed.<br \/>\nOsalustasu sisaldab koolitust ja sauna.<\/p>\n<p><strong>Kell 19 ILO\u00d5DAK Plaksi k\u00fcla Tuulepesa talus (tasuta!)<\/strong><\/p>\n<h3><strong>Laup\u00e4ev, 9. august \u2013 suitsusaunap\u00e4ev<\/strong><\/h3>\n<p>Koguneme Haanja rahvamajja ja saame tuttavaks. Edasi l\u00e4heme saunadesse, teeme talgut\u00f6id, \u00f5pime k\u00fctma suitsusauna, valmistame \u00fchiselt saunaperega l\u00f5una- ja \u00f5htus\u00f6\u00f6gid, naudime suitsusaunam\u00f5nusid ja saame osa traditsioonilisest rahvamuusikast. Osalemine etteregistreerimisel, kohtade arv piiratud. Osalemistasu 10 \u20ac. Eelregistreerimine Eda Veeroja <a href=\"&#x6d;&#x61;&#x69;&#108;&#116;o:&#x65;&#x64;&#x61;&#x2e;&#118;&#101;er&#x6f;&#x6a;&#x61;&#64;&#103;&#109;ai&#x6c;&#x2e;&#x63;&#111;&#109;\">&#x65;d&#x61;&#46;v&#x65;&#101;&#x72;&#x6f;j&#x61;&#64;g&#x6d;&#97;&#x69;&#108;&#46;&#x63;&#111;m<\/a><\/p>\n<p>Registreerunutele saadetakse t\u00e4iendav informatsioon.<\/p>\n<h3><strong>P\u00fchap\u00e4ev, 10. august<\/strong><\/h3>\n<p><strong>Kell 11 Haanimaa suitsusaunu tutvustav rings\u00f5it algusega Plaanilt, Papi Talust<\/strong>.<\/p>\n<p>Rings\u00f5itu veavad eest ja jagavad selgitusi Silver ja Krista N\u00e4kk. S\u00f5idetakse oma autodega ja rings\u00f5it kestab paar tundi. Rings\u00f5it on tasuta kuid palume osalejatel registreeruda: Eda Veeroja <a href=\"&#x6d;&#x61;&#105;lt&#x6f;&#x3a;&#101;&#100;a&#x2e;&#x76;&#101;&#101;r&#x6f;&#x6a;&#x61;&#64;gm&#x61;&#x69;&#108;&#46;c&#x6f;&#x6d;\">&#101;d&#x61;&#46;&#x76;e&#x65;&#114;&#x6f;&#106;&#x61;&#64;g&#x6d;a&#x69;l&#x2e;&#99;&#x6f;&#109;<\/a>.<\/p>\n<p><strong>Kell 13-15 kutsuvad Haani naised ja mehed Suvetarre Suurel Munam\u00e4el.<\/strong><\/p>\n<p>M\u00f5nusa rahvamuusika saatel meisterdatakse ja tehakse n\u00e4put\u00f6\u00f6d, proovida saab rahvapille ning mekkida l\u00f5kkel valmistatud rooga.<\/p>\n<p><strong>Suure Munam\u00e4e tornis on avatud kohalike suitsusaunade teemaline n\u00e4itus.<\/strong><\/p>\n<p><strong>Lisainfo kogu s\u00fcndmuse kohta:<\/strong><br \/>\nEda Veeroja<br \/>\nKadri Valner<br \/>\nK\u00e4rt Salumets<\/p>\n<p><strong>Vett, tuld ja saunaleili ei tohi kellelegi keelata!<\/strong><\/p>\n","protected":false},"excerpt":{"rendered":"<p>Meie s\u00fcndmust iseloomustavad k\u00f5ige paremini s\u00f5nad &#8216;lihtsus&#8217; ja &#8216;loomulikkus&#8217;. Suitsusaunas k\u00e4imine on mitmetes Haanimaa peredes t\u00e4naseni loomulik elu osa. Igal saunal on oma lugu ja [&hellip;]<\/p>\n","protected":false},"author":1,"featured_media":354,"comment_status":"closed","ping_status":"closed","sticky":false,"template":"","format":"standard","meta":{"footnotes":""},"categories":[1],"tags":[],"class_list":["post-451","post","type-post","status-publish","format-standard","has-post-thumbnail","hentry","category-uudised"],"yoast_head":"<!-- This site is optimized with the Yoast SEO plugin v27.4 - https:\/\/yoast.com\/product\/yoast-seo-wordpress\/ -->\n<title>IV Haanimaa suidsusanna n\u00e4t\u00e4l toimub 8.-10. augustil 2014 - Savvusann<\/title>\n<meta name=\"robots\" content=\"index, follow, max-snippet:-1, max-image-preview:large, max-video-preview:-1\" \/>\n<link rel=\"canonical\" href=\"https:\/\/savvusann.ee\/et\/iv-haanimaa-suidsusanna-natal-toimub-8-10-augustil-2014\/\" \/>\n<meta property=\"og:locale\" content=\"et_EE\" \/>\n<meta property=\"og:type\" content=\"article\" \/>\n<meta property=\"og:title\" content=\"IV Haanimaa suidsusanna n\u00e4t\u00e4l toimub 8.-10. augustil 2014 - Savvusann\" \/>\n<meta property=\"og:description\" content=\"Meie s\u00fcndmust iseloomustavad k\u00f5ige paremini s\u00f5nad &#8216;lihtsus&#8217; ja &#8216;loomulikkus&#8217;. Suitsusaunas k\u00e4imine on mitmetes Haanimaa peredes t\u00e4naseni loomulik elu osa. Igal saunal on oma lugu ja [&hellip;]\" \/>\n<meta property=\"og:url\" content=\"https:\/\/savvusann.ee\/et\/iv-haanimaa-suidsusanna-natal-toimub-8-10-augustil-2014\/\" \/>\n<meta property=\"og:site_name\" content=\"Savvusann\" \/>\n<meta property=\"article:published_time\" content=\"2014-07-24T19:44:47+00:00\" \/>\n<meta property=\"article:modified_time\" content=\"2018-04-17T19:48:52+00:00\" \/>\n<meta property=\"og:image\" content=\"https:\/\/savvusann.ee\/wp-content\/uploads\/2018\/04\/iho_ja_heng_pilt2012.jpg\" \/>\n\t<meta property=\"og:image:width\" content=\"768\" \/>\n\t<meta property=\"og:image:height\" content=\"576\" \/>\n\t<meta property=\"og:image:type\" content=\"image\/jpeg\" \/>\n<meta name=\"author\" content=\"veebimeister\" \/>\n<meta name=\"twitter:card\" content=\"summary_large_image\" \/>\n<meta name=\"twitter:label1\" content=\"Written by\" \/>\n\t<meta name=\"twitter:data1\" content=\"veebimeister\" \/>\n\t<meta name=\"twitter:label2\" content=\"Est. reading time\" \/>\n\t<meta name=\"twitter:data2\" content=\"3 minutit\" \/>\n<script type=\"application\/ld+json\" class=\"yoast-schema-graph\">{\"@context\":\"https:\\\/\\\/schema.org\",\"@graph\":[{\"@type\":\"Article\",\"@id\":\"https:\\\/\\\/savvusann.ee\\\/et\\\/iv-haanimaa-suidsusanna-natal-toimub-8-10-augustil-2014\\\/#article\",\"isPartOf\":{\"@id\":\"https:\\\/\\\/savvusann.ee\\\/et\\\/iv-haanimaa-suidsusanna-natal-toimub-8-10-augustil-2014\\\/\"},\"author\":{\"name\":\"veebimeister\",\"@id\":\"https:\\\/\\\/savvusann.ee\\\/et\\\/#\\\/schema\\\/person\\\/1ea85d6c0c8d1528cfab3303ec25cbaa\"},\"headline\":\"IV Haanimaa suidsusanna n\u00e4t\u00e4l toimub 8.-10. augustil 2014\",\"datePublished\":\"2014-07-24T19:44:47+00:00\",\"dateModified\":\"2018-04-17T19:48:52+00:00\",\"mainEntityOfPage\":{\"@id\":\"https:\\\/\\\/savvusann.ee\\\/et\\\/iv-haanimaa-suidsusanna-natal-toimub-8-10-augustil-2014\\\/\"},\"wordCount\":605,\"image\":{\"@id\":\"https:\\\/\\\/savvusann.ee\\\/et\\\/iv-haanimaa-suidsusanna-natal-toimub-8-10-augustil-2014\\\/#primaryimage\"},\"thumbnailUrl\":\"https:\\\/\\\/savvusann.ee\\\/wp-content\\\/uploads\\\/2018\\\/04\\\/iho_ja_heng_pilt2012.jpg\",\"articleSection\":[\"Uudised\"],\"inLanguage\":\"et\"},{\"@type\":\"WebPage\",\"@id\":\"https:\\\/\\\/savvusann.ee\\\/et\\\/iv-haanimaa-suidsusanna-natal-toimub-8-10-augustil-2014\\\/\",\"url\":\"https:\\\/\\\/savvusann.ee\\\/et\\\/iv-haanimaa-suidsusanna-natal-toimub-8-10-augustil-2014\\\/\",\"name\":\"IV Haanimaa suidsusanna n\u00e4t\u00e4l toimub 8.-10. augustil 2014 - Savvusann\",\"isPartOf\":{\"@id\":\"https:\\\/\\\/savvusann.ee\\\/et\\\/#website\"},\"primaryImageOfPage\":{\"@id\":\"https:\\\/\\\/savvusann.ee\\\/et\\\/iv-haanimaa-suidsusanna-natal-toimub-8-10-augustil-2014\\\/#primaryimage\"},\"image\":{\"@id\":\"https:\\\/\\\/savvusann.ee\\\/et\\\/iv-haanimaa-suidsusanna-natal-toimub-8-10-augustil-2014\\\/#primaryimage\"},\"thumbnailUrl\":\"https:\\\/\\\/savvusann.ee\\\/wp-content\\\/uploads\\\/2018\\\/04\\\/iho_ja_heng_pilt2012.jpg\",\"datePublished\":\"2014-07-24T19:44:47+00:00\",\"dateModified\":\"2018-04-17T19:48:52+00:00\",\"author\":{\"@id\":\"https:\\\/\\\/savvusann.ee\\\/et\\\/#\\\/schema\\\/person\\\/1ea85d6c0c8d1528cfab3303ec25cbaa\"},\"breadcrumb\":{\"@id\":\"https:\\\/\\\/savvusann.ee\\\/et\\\/iv-haanimaa-suidsusanna-natal-toimub-8-10-augustil-2014\\\/#breadcrumb\"},\"inLanguage\":\"et\",\"potentialAction\":[{\"@type\":\"ReadAction\",\"target\":[\"https:\\\/\\\/savvusann.ee\\\/et\\\/iv-haanimaa-suidsusanna-natal-toimub-8-10-augustil-2014\\\/\"]}]},{\"@type\":\"ImageObject\",\"inLanguage\":\"et\",\"@id\":\"https:\\\/\\\/savvusann.ee\\\/et\\\/iv-haanimaa-suidsusanna-natal-toimub-8-10-augustil-2014\\\/#primaryimage\",\"url\":\"https:\\\/\\\/savvusann.ee\\\/wp-content\\\/uploads\\\/2018\\\/04\\\/iho_ja_heng_pilt2012.jpg\",\"contentUrl\":\"https:\\\/\\\/savvusann.ee\\\/wp-content\\\/uploads\\\/2018\\\/04\\\/iho_ja_heng_pilt2012.jpg\",\"width\":768,\"height\":576,\"caption\":\"Suitsusaunap\u00e4ev\"},{\"@type\":\"BreadcrumbList\",\"@id\":\"https:\\\/\\\/savvusann.ee\\\/et\\\/iv-haanimaa-suidsusanna-natal-toimub-8-10-augustil-2014\\\/#breadcrumb\",\"itemListElement\":[{\"@type\":\"ListItem\",\"position\":1,\"name\":\"Home\",\"item\":\"https:\\\/\\\/savvusann.ee\\\/et\\\/\"},{\"@type\":\"ListItem\",\"position\":2,\"name\":\"IV Haanimaa suidsusanna n\u00e4t\u00e4l toimub 8.-10. augustil 2014\"}]},{\"@type\":\"WebSite\",\"@id\":\"https:\\\/\\\/savvusann.ee\\\/et\\\/#website\",\"url\":\"https:\\\/\\\/savvusann.ee\\\/et\\\/\",\"name\":\"Savvusann\",\"description\":\"Vana-V\u00f5romaa Savvusann\",\"potentialAction\":[{\"@type\":\"SearchAction\",\"target\":{\"@type\":\"EntryPoint\",\"urlTemplate\":\"https:\\\/\\\/savvusann.ee\\\/et\\\/?s={search_term_string}\"},\"query-input\":{\"@type\":\"PropertyValueSpecification\",\"valueRequired\":true,\"valueName\":\"search_term_string\"}}],\"inLanguage\":\"et\"},{\"@type\":\"Person\",\"@id\":\"https:\\\/\\\/savvusann.ee\\\/et\\\/#\\\/schema\\\/person\\\/1ea85d6c0c8d1528cfab3303ec25cbaa\",\"name\":\"veebimeister\",\"image\":{\"@type\":\"ImageObject\",\"inLanguage\":\"et\",\"@id\":\"https:\\\/\\\/secure.gravatar.com\\\/avatar\\\/07d7287fd7838490ad7924b8f9cd4801552fa9aff79e74220df9318f7520ad81?s=96&d=mm&r=g\",\"url\":\"https:\\\/\\\/secure.gravatar.com\\\/avatar\\\/07d7287fd7838490ad7924b8f9cd4801552fa9aff79e74220df9318f7520ad81?s=96&d=mm&r=g\",\"contentUrl\":\"https:\\\/\\\/secure.gravatar.com\\\/avatar\\\/07d7287fd7838490ad7924b8f9cd4801552fa9aff79e74220df9318f7520ad81?s=96&d=mm&r=g\",\"caption\":\"veebimeister\"}}]}<\/script>\n<!-- \/ Yoast SEO plugin. -->","yoast_head_json":{"title":"IV Haanimaa suidsusanna n\u00e4t\u00e4l toimub 8.-10. augustil 2014 - Savvusann","robots":{"index":"index","follow":"follow","max-snippet":"max-snippet:-1","max-image-preview":"max-image-preview:large","max-video-preview":"max-video-preview:-1"},"canonical":"https:\/\/savvusann.ee\/et\/iv-haanimaa-suidsusanna-natal-toimub-8-10-augustil-2014\/","og_locale":"et_EE","og_type":"article","og_title":"IV Haanimaa suidsusanna n\u00e4t\u00e4l toimub 8.-10. augustil 2014 - Savvusann","og_description":"Meie s\u00fcndmust iseloomustavad k\u00f5ige paremini s\u00f5nad &#8216;lihtsus&#8217; ja &#8216;loomulikkus&#8217;. Suitsusaunas k\u00e4imine on mitmetes Haanimaa peredes t\u00e4naseni loomulik elu osa. Igal saunal on oma lugu ja [&hellip;]","og_url":"https:\/\/savvusann.ee\/et\/iv-haanimaa-suidsusanna-natal-toimub-8-10-augustil-2014\/","og_site_name":"Savvusann","article_published_time":"2014-07-24T19:44:47+00:00","article_modified_time":"2018-04-17T19:48:52+00:00","og_image":[{"width":768,"height":576,"url":"https:\/\/savvusann.ee\/wp-content\/uploads\/2018\/04\/iho_ja_heng_pilt2012.jpg","type":"image\/jpeg"}],"author":"veebimeister","twitter_card":"summary_large_image","twitter_misc":{"Written by":"veebimeister","Est. reading time":"3 minutit"},"schema":{"@context":"https:\/\/schema.org","@graph":[{"@type":"Article","@id":"https:\/\/savvusann.ee\/et\/iv-haanimaa-suidsusanna-natal-toimub-8-10-augustil-2014\/#article","isPartOf":{"@id":"https:\/\/savvusann.ee\/et\/iv-haanimaa-suidsusanna-natal-toimub-8-10-augustil-2014\/"},"author":{"name":"veebimeister","@id":"https:\/\/savvusann.ee\/et\/#\/schema\/person\/1ea85d6c0c8d1528cfab3303ec25cbaa"},"headline":"IV Haanimaa suidsusanna n\u00e4t\u00e4l toimub 8.-10. augustil 2014","datePublished":"2014-07-24T19:44:47+00:00","dateModified":"2018-04-17T19:48:52+00:00","mainEntityOfPage":{"@id":"https:\/\/savvusann.ee\/et\/iv-haanimaa-suidsusanna-natal-toimub-8-10-augustil-2014\/"},"wordCount":605,"image":{"@id":"https:\/\/savvusann.ee\/et\/iv-haanimaa-suidsusanna-natal-toimub-8-10-augustil-2014\/#primaryimage"},"thumbnailUrl":"https:\/\/savvusann.ee\/wp-content\/uploads\/2018\/04\/iho_ja_heng_pilt2012.jpg","articleSection":["Uudised"],"inLanguage":"et"},{"@type":"WebPage","@id":"https:\/\/savvusann.ee\/et\/iv-haanimaa-suidsusanna-natal-toimub-8-10-augustil-2014\/","url":"https:\/\/savvusann.ee\/et\/iv-haanimaa-suidsusanna-natal-toimub-8-10-augustil-2014\/","name":"IV Haanimaa suidsusanna n\u00e4t\u00e4l toimub 8.-10. augustil 2014 - Savvusann","isPartOf":{"@id":"https:\/\/savvusann.ee\/et\/#website"},"primaryImageOfPage":{"@id":"https:\/\/savvusann.ee\/et\/iv-haanimaa-suidsusanna-natal-toimub-8-10-augustil-2014\/#primaryimage"},"image":{"@id":"https:\/\/savvusann.ee\/et\/iv-haanimaa-suidsusanna-natal-toimub-8-10-augustil-2014\/#primaryimage"},"thumbnailUrl":"https:\/\/savvusann.ee\/wp-content\/uploads\/2018\/04\/iho_ja_heng_pilt2012.jpg","datePublished":"2014-07-24T19:44:47+00:00","dateModified":"2018-04-17T19:48:52+00:00","author":{"@id":"https:\/\/savvusann.ee\/et\/#\/schema\/person\/1ea85d6c0c8d1528cfab3303ec25cbaa"},"breadcrumb":{"@id":"https:\/\/savvusann.ee\/et\/iv-haanimaa-suidsusanna-natal-toimub-8-10-augustil-2014\/#breadcrumb"},"inLanguage":"et","potentialAction":[{"@type":"ReadAction","target":["https:\/\/savvusann.ee\/et\/iv-haanimaa-suidsusanna-natal-toimub-8-10-augustil-2014\/"]}]},{"@type":"ImageObject","inLanguage":"et","@id":"https:\/\/savvusann.ee\/et\/iv-haanimaa-suidsusanna-natal-toimub-8-10-augustil-2014\/#primaryimage","url":"https:\/\/savvusann.ee\/wp-content\/uploads\/2018\/04\/iho_ja_heng_pilt2012.jpg","contentUrl":"https:\/\/savvusann.ee\/wp-content\/uploads\/2018\/04\/iho_ja_heng_pilt2012.jpg","width":768,"height":576,"caption":"Suitsusaunap\u00e4ev"},{"@type":"BreadcrumbList","@id":"https:\/\/savvusann.ee\/et\/iv-haanimaa-suidsusanna-natal-toimub-8-10-augustil-2014\/#breadcrumb","itemListElement":[{"@type":"ListItem","position":1,"name":"Home","item":"https:\/\/savvusann.ee\/et\/"},{"@type":"ListItem","position":2,"name":"IV Haanimaa suidsusanna n\u00e4t\u00e4l toimub 8.-10. augustil 2014"}]},{"@type":"WebSite","@id":"https:\/\/savvusann.ee\/et\/#website","url":"https:\/\/savvusann.ee\/et\/","name":"Savvusann","description":"Vana-V\u00f5romaa Savvusann","potentialAction":[{"@type":"SearchAction","target":{"@type":"EntryPoint","urlTemplate":"https:\/\/savvusann.ee\/et\/?s={search_term_string}"},"query-input":{"@type":"PropertyValueSpecification","valueRequired":true,"valueName":"search_term_string"}}],"inLanguage":"et"},{"@type":"Person","@id":"https:\/\/savvusann.ee\/et\/#\/schema\/person\/1ea85d6c0c8d1528cfab3303ec25cbaa","name":"veebimeister","image":{"@type":"ImageObject","inLanguage":"et","@id":"https:\/\/secure.gravatar.com\/avatar\/07d7287fd7838490ad7924b8f9cd4801552fa9aff79e74220df9318f7520ad81?s=96&d=mm&r=g","url":"https:\/\/secure.gravatar.com\/avatar\/07d7287fd7838490ad7924b8f9cd4801552fa9aff79e74220df9318f7520ad81?s=96&d=mm&r=g","contentUrl":"https:\/\/secure.gravatar.com\/avatar\/07d7287fd7838490ad7924b8f9cd4801552fa9aff79e74220df9318f7520ad81?s=96&d=mm&r=g","caption":"veebimeister"}}]}},"_links":{"self":[{"href":"https:\/\/savvusann.ee\/et\/wp-json\/wp\/v2\/posts\/451","targetHints":{"allow":["GET"]}}],"collection":[{"href":"https:\/\/savvusann.ee\/et\/wp-json\/wp\/v2\/posts"}],"about":[{"href":"https:\/\/savvusann.ee\/et\/wp-json\/wp\/v2\/types\/post"}],"author":[{"embeddable":true,"href":"https:\/\/savvusann.ee\/et\/wp-json\/wp\/v2\/users\/1"}],"replies":[{"embeddable":true,"href":"https:\/\/savvusann.ee\/et\/wp-json\/wp\/v2\/comments?post=451"}],"version-history":[{"count":1,"href":"https:\/\/savvusann.ee\/et\/wp-json\/wp\/v2\/posts\/451\/revisions"}],"predecessor-version":[{"id":452,"href":"https:\/\/savvusann.ee\/et\/wp-json\/wp\/v2\/posts\/451\/revisions\/452"}],"wp:featuredmedia":[{"embeddable":true,"href":"https:\/\/savvusann.ee\/et\/wp-json\/wp\/v2\/media\/354"}],"wp:attachment":[{"href":"https:\/\/savvusann.ee\/et\/wp-json\/wp\/v2\/media?parent=451"}],"wp:term":[{"taxonomy":"category","embeddable":true,"href":"https:\/\/savvusann.ee\/et\/wp-json\/wp\/v2\/categories?post=451"},{"taxonomy":"post_tag","embeddable":true,"href":"https:\/\/savvusann.ee\/et\/wp-json\/wp\/v2\/tags?post=451"}],"curies":[{"name":"wp","href":"https:\/\/api.w.org\/{rel}","templated":true}]}}