{"id":466,"date":"2014-10-27T23:11:38","date_gmt":"2014-10-27T21:11:38","guid":{"rendered":"http:\/\/savvusann.ee\/?p=466"},"modified":"2018-04-17T23:14:11","modified_gmt":"2018-04-17T20:14:11","slug":"suidsusannapaiv-tulo-mardikuu-27-paaval-pokumaal","status":"publish","type":"post","link":"https:\/\/savvusann.ee\/et\/suidsusannapaiv-tulo-mardikuu-27-paaval-pokumaal\/","title":{"rendered":"Suidsusannap\u00e4iv tul\u00f5 m\u00e4rdikuu 27. p\u00e4\u00e4v\u00e4l Pokumaal"},"content":{"rendered":"<p>Seos\u00fcg\u00fcsene Vana-V\u00f5romaa suidsusannap\u00e4iv tul\u00f5 <strong>27. novembril<\/strong> (nell\u00e4p\u00e4iv) Pokumaal\u00a0 <strong>alostusega kell 14<\/strong>.<\/p>\n<p>P\u00e4\u00e4v\u00e4 sissejuhatus\u00f5s kaijas, kuis sanna k\u00fctmine k\u00e4\u00fc ja alostus\u00f5s k\u00f5n\u00f5ldas, mi\u00e4 <strong>aastaga joosul om sanna-asjun s\u00fcnd\u00fcn\u00fc vai toim\u00f5 saanu<\/strong>. Edesi arotami, <strong>kuimuudu Vana-V\u00f5romaa latsile mi suidsusannakombit latsiaian\/koolin tutvas tet\u00e4.<\/strong> Suur\u00f5l jaol latsil ei ol\u00f5 kotun eg\u00e4 perren suidsusanna, a teed\u00e4 v\u00f5inu n\u00e4 iks, m\u00e4\u00e4ne tuu sann om, mid\u00e4 sanna man tet\u00e4s, kuimuudu sannan k\u00e4\u00fcd\u00e4s ja kuis omma komb\u00f5. Kutsumi oppajid kull\u00f5ma ja m\u00e4rgutama, a muiduki v\u00f5iva tulla k\u00f5ik huviliidse, kinkal\u00f5 suidsusann ja sannakomb\u00f5 k\u00f5rda l\u00e4\u00e4v\u00e4.<\/p>\n<p>P\u00e4\u00e4le sannajutt\u00f5 k\u00f5nelemist ja arotust mindas iks sanna kah.<\/p>\n<p>Kae t\u00e4ps\u00e4mbalt: \u00a0<a href=\"http:\/\/savvusann.ee\/wp-content\/uploads\/2018\/04\/kutse_27_11_2014_suitsusannapaev.pdf\" target=\"_blank\" rel=\"noopener\">KUTS\u00d5 JA P\u00c4\u00c4V\u00c4KAVA<\/a><\/p>\n<p>M\u00e4\u00e4nestki massu osaliisi k\u00e4est ei taheta. Sanna-asja tul\u00f5 hind\u00e4st \u00fcten v\u00f5tta, sannajuuk kah. Eg\u00e4 tul\u00f5ja v\u00f5i arotuse manu ts\u00e4ilavva p\u00e4\u00e4le veid\u00fckese mid\u00e4gi kotost umatett\u00fct \u00fcten v\u00f5tta.<\/p>\n<p>Sannap\u00e4\u00e4v\u00e4 ped\u00e4mist k\u00f5rraldas Vana-V\u00f5romaa suidsusanna kuunt\u00fc\u00fckogo, toetase Vana V\u00f5romaa kultuuriprogramm, Pokumaa, V\u00f5ro Selts VKKF, MT\u00dc Sann ja S\u00fc\u00fck.<\/p>\n<p>Sannap\u00e4\u00e4v\u00e4st osav\u00f5tmisest pall\u00f5mi ette teed\u00e4 anda ildamba 20. novembris K\u00fclli Eichenbaumile: <a href=\"&#x6d;&#97;i&#x6c;&#116;o&#x3a;&#107;y&#x6c;&#x6c;&#105;&#x2e;&#x65;&#105;c&#x68;&#101;n&#x62;&#97;u&#x6d;&#x40;&#103;&#x6d;&#x61;&#105;l&#x2e;&#99;o&#x6d;\">&#107;&#x79;l&#108;&#x69;&#46;&#101;&#x69;c&#x68;&#x65;&#110;&#x62;a&#117;&#x6d;&#64;&#103;&#x6d;a&#x69;&#x6c;&#46;&#x63;&#x6f;&#109;<\/a> vai tel 56611924<\/p>\n","protected":false},"excerpt":{"rendered":"<p>Seos\u00fcg\u00fcsene Vana-V\u00f5romaa suidsusannap\u00e4iv tul\u00f5 27. novembril (nell\u00e4p\u00e4iv) Pokumaal\u00a0 alostusega kell 14. P\u00e4\u00e4v\u00e4 sissejuhatus\u00f5s kaijas, kuis sanna k\u00fctmine k\u00e4\u00fc ja alostus\u00f5s k\u00f5n\u00f5ldas, mi\u00e4 aastaga joosul om [&hellip;]<\/p>\n","protected":false},"author":1,"featured_media":468,"comment_status":"closed","ping_status":"closed","sticky":false,"template":"","format":"standard","meta":{"footnotes":""},"categories":[1],"tags":[],"class_list":["post-466","post","type-post","status-publish","format-standard","has-post-thumbnail","hentry","category-uudised"],"yoast_head":"<!-- This site is optimized with the Yoast SEO plugin v27.4 - https:\/\/yoast.com\/product\/yoast-seo-wordpress\/ -->\n<title>Suidsusannap\u00e4iv tul\u00f5 m\u00e4rdikuu 27. p\u00e4\u00e4v\u00e4l Pokumaal - Savvusann<\/title>\n<meta name=\"robots\" content=\"index, follow, max-snippet:-1, max-image-preview:large, max-video-preview:-1\" \/>\n<link rel=\"canonical\" href=\"https:\/\/savvusann.ee\/et\/suidsusannapaiv-tulo-mardikuu-27-paaval-pokumaal\/\" \/>\n<meta property=\"og:locale\" content=\"et_EE\" \/>\n<meta property=\"og:type\" content=\"article\" \/>\n<meta property=\"og:title\" content=\"Suidsusannap\u00e4iv tul\u00f5 m\u00e4rdikuu 27. p\u00e4\u00e4v\u00e4l Pokumaal - Savvusann\" \/>\n<meta property=\"og:description\" content=\"Seos\u00fcg\u00fcsene Vana-V\u00f5romaa suidsusannap\u00e4iv tul\u00f5 27. novembril (nell\u00e4p\u00e4iv) Pokumaal\u00a0 alostusega kell 14. P\u00e4\u00e4v\u00e4 sissejuhatus\u00f5s kaijas, kuis sanna k\u00fctmine k\u00e4\u00fc ja alostus\u00f5s k\u00f5n\u00f5ldas, mi\u00e4 aastaga joosul om [&hellip;]\" \/>\n<meta property=\"og:url\" content=\"https:\/\/savvusann.ee\/et\/suidsusannapaiv-tulo-mardikuu-27-paaval-pokumaal\/\" \/>\n<meta property=\"og:site_name\" content=\"Savvusann\" \/>\n<meta property=\"article:published_time\" content=\"2014-10-27T21:11:38+00:00\" \/>\n<meta property=\"article:modified_time\" content=\"2018-04-17T20:14:11+00:00\" \/>\n<meta property=\"og:image\" content=\"https:\/\/savvusann.ee\/wp-content\/uploads\/2018\/04\/Pokumaa_Saun5_kalve.jpg\" \/>\n\t<meta property=\"og:image:width\" content=\"1503\" \/>\n\t<meta property=\"og:image:height\" content=\"1000\" \/>\n\t<meta property=\"og:image:type\" content=\"image\/jpeg\" \/>\n<meta name=\"author\" content=\"veebimeister\" \/>\n<meta name=\"twitter:card\" content=\"summary_large_image\" \/>\n<meta name=\"twitter:label1\" content=\"Written by\" \/>\n\t<meta name=\"twitter:data1\" content=\"veebimeister\" \/>\n\t<meta name=\"twitter:label2\" content=\"Est. reading time\" \/>\n\t<meta name=\"twitter:data2\" content=\"1 minut\" \/>\n<script type=\"application\/ld+json\" class=\"yoast-schema-graph\">{\"@context\":\"https:\\\/\\\/schema.org\",\"@graph\":[{\"@type\":\"Article\",\"@id\":\"https:\\\/\\\/savvusann.ee\\\/et\\\/suidsusannapaiv-tulo-mardikuu-27-paaval-pokumaal\\\/#article\",\"isPartOf\":{\"@id\":\"https:\\\/\\\/savvusann.ee\\\/et\\\/suidsusannapaiv-tulo-mardikuu-27-paaval-pokumaal\\\/\"},\"author\":{\"name\":\"veebimeister\",\"@id\":\"https:\\\/\\\/savvusann.ee\\\/et\\\/#\\\/schema\\\/person\\\/1ea85d6c0c8d1528cfab3303ec25cbaa\"},\"headline\":\"Suidsusannap\u00e4iv tul\u00f5 m\u00e4rdikuu 27. p\u00e4\u00e4v\u00e4l Pokumaal\",\"datePublished\":\"2014-10-27T21:11:38+00:00\",\"dateModified\":\"2018-04-17T20:14:11+00:00\",\"mainEntityOfPage\":{\"@id\":\"https:\\\/\\\/savvusann.ee\\\/et\\\/suidsusannapaiv-tulo-mardikuu-27-paaval-pokumaal\\\/\"},\"wordCount\":226,\"image\":{\"@id\":\"https:\\\/\\\/savvusann.ee\\\/et\\\/suidsusannapaiv-tulo-mardikuu-27-paaval-pokumaal\\\/#primaryimage\"},\"thumbnailUrl\":\"https:\\\/\\\/savvusann.ee\\\/wp-content\\\/uploads\\\/2018\\\/04\\\/Pokumaa_Saun5_kalve.jpg\",\"articleSection\":[\"Uudised\"],\"inLanguage\":\"et\"},{\"@type\":\"WebPage\",\"@id\":\"https:\\\/\\\/savvusann.ee\\\/et\\\/suidsusannapaiv-tulo-mardikuu-27-paaval-pokumaal\\\/\",\"url\":\"https:\\\/\\\/savvusann.ee\\\/et\\\/suidsusannapaiv-tulo-mardikuu-27-paaval-pokumaal\\\/\",\"name\":\"Suidsusannap\u00e4iv tul\u00f5 m\u00e4rdikuu 27. p\u00e4\u00e4v\u00e4l Pokumaal - Savvusann\",\"isPartOf\":{\"@id\":\"https:\\\/\\\/savvusann.ee\\\/et\\\/#website\"},\"primaryImageOfPage\":{\"@id\":\"https:\\\/\\\/savvusann.ee\\\/et\\\/suidsusannapaiv-tulo-mardikuu-27-paaval-pokumaal\\\/#primaryimage\"},\"image\":{\"@id\":\"https:\\\/\\\/savvusann.ee\\\/et\\\/suidsusannapaiv-tulo-mardikuu-27-paaval-pokumaal\\\/#primaryimage\"},\"thumbnailUrl\":\"https:\\\/\\\/savvusann.ee\\\/wp-content\\\/uploads\\\/2018\\\/04\\\/Pokumaa_Saun5_kalve.jpg\",\"datePublished\":\"2014-10-27T21:11:38+00:00\",\"dateModified\":\"2018-04-17T20:14:11+00:00\",\"author\":{\"@id\":\"https:\\\/\\\/savvusann.ee\\\/et\\\/#\\\/schema\\\/person\\\/1ea85d6c0c8d1528cfab3303ec25cbaa\"},\"breadcrumb\":{\"@id\":\"https:\\\/\\\/savvusann.ee\\\/et\\\/suidsusannapaiv-tulo-mardikuu-27-paaval-pokumaal\\\/#breadcrumb\"},\"inLanguage\":\"et\",\"potentialAction\":[{\"@type\":\"ReadAction\",\"target\":[\"https:\\\/\\\/savvusann.ee\\\/et\\\/suidsusannapaiv-tulo-mardikuu-27-paaval-pokumaal\\\/\"]}]},{\"@type\":\"ImageObject\",\"inLanguage\":\"et\",\"@id\":\"https:\\\/\\\/savvusann.ee\\\/et\\\/suidsusannapaiv-tulo-mardikuu-27-paaval-pokumaal\\\/#primaryimage\",\"url\":\"https:\\\/\\\/savvusann.ee\\\/wp-content\\\/uploads\\\/2018\\\/04\\\/Pokumaa_Saun5_kalve.jpg\",\"contentUrl\":\"https:\\\/\\\/savvusann.ee\\\/wp-content\\\/uploads\\\/2018\\\/04\\\/Pokumaa_Saun5_kalve.jpg\",\"width\":1503,\"height\":1000,\"caption\":\"Pokumaa saun\"},{\"@type\":\"BreadcrumbList\",\"@id\":\"https:\\\/\\\/savvusann.ee\\\/et\\\/suidsusannapaiv-tulo-mardikuu-27-paaval-pokumaal\\\/#breadcrumb\",\"itemListElement\":[{\"@type\":\"ListItem\",\"position\":1,\"name\":\"Home\",\"item\":\"https:\\\/\\\/savvusann.ee\\\/et\\\/\"},{\"@type\":\"ListItem\",\"position\":2,\"name\":\"Suidsusannap\u00e4iv tul\u00f5 m\u00e4rdikuu 27. p\u00e4\u00e4v\u00e4l Pokumaal\"}]},{\"@type\":\"WebSite\",\"@id\":\"https:\\\/\\\/savvusann.ee\\\/et\\\/#website\",\"url\":\"https:\\\/\\\/savvusann.ee\\\/et\\\/\",\"name\":\"Savvusann\",\"description\":\"Vana-V\u00f5romaa Savvusann\",\"potentialAction\":[{\"@type\":\"SearchAction\",\"target\":{\"@type\":\"EntryPoint\",\"urlTemplate\":\"https:\\\/\\\/savvusann.ee\\\/et\\\/?s={search_term_string}\"},\"query-input\":{\"@type\":\"PropertyValueSpecification\",\"valueRequired\":true,\"valueName\":\"search_term_string\"}}],\"inLanguage\":\"et\"},{\"@type\":\"Person\",\"@id\":\"https:\\\/\\\/savvusann.ee\\\/et\\\/#\\\/schema\\\/person\\\/1ea85d6c0c8d1528cfab3303ec25cbaa\",\"name\":\"veebimeister\",\"image\":{\"@type\":\"ImageObject\",\"inLanguage\":\"et\",\"@id\":\"https:\\\/\\\/secure.gravatar.com\\\/avatar\\\/07d7287fd7838490ad7924b8f9cd4801552fa9aff79e74220df9318f7520ad81?s=96&d=mm&r=g\",\"url\":\"https:\\\/\\\/secure.gravatar.com\\\/avatar\\\/07d7287fd7838490ad7924b8f9cd4801552fa9aff79e74220df9318f7520ad81?s=96&d=mm&r=g\",\"contentUrl\":\"https:\\\/\\\/secure.gravatar.com\\\/avatar\\\/07d7287fd7838490ad7924b8f9cd4801552fa9aff79e74220df9318f7520ad81?s=96&d=mm&r=g\",\"caption\":\"veebimeister\"}}]}<\/script>\n<!-- \/ Yoast SEO plugin. -->","yoast_head_json":{"title":"Suidsusannap\u00e4iv tul\u00f5 m\u00e4rdikuu 27. p\u00e4\u00e4v\u00e4l Pokumaal - Savvusann","robots":{"index":"index","follow":"follow","max-snippet":"max-snippet:-1","max-image-preview":"max-image-preview:large","max-video-preview":"max-video-preview:-1"},"canonical":"https:\/\/savvusann.ee\/et\/suidsusannapaiv-tulo-mardikuu-27-paaval-pokumaal\/","og_locale":"et_EE","og_type":"article","og_title":"Suidsusannap\u00e4iv tul\u00f5 m\u00e4rdikuu 27. p\u00e4\u00e4v\u00e4l Pokumaal - Savvusann","og_description":"Seos\u00fcg\u00fcsene Vana-V\u00f5romaa suidsusannap\u00e4iv tul\u00f5 27. novembril (nell\u00e4p\u00e4iv) Pokumaal\u00a0 alostusega kell 14. P\u00e4\u00e4v\u00e4 sissejuhatus\u00f5s kaijas, kuis sanna k\u00fctmine k\u00e4\u00fc ja alostus\u00f5s k\u00f5n\u00f5ldas, mi\u00e4 aastaga joosul om [&hellip;]","og_url":"https:\/\/savvusann.ee\/et\/suidsusannapaiv-tulo-mardikuu-27-paaval-pokumaal\/","og_site_name":"Savvusann","article_published_time":"2014-10-27T21:11:38+00:00","article_modified_time":"2018-04-17T20:14:11+00:00","og_image":[{"width":1503,"height":1000,"url":"https:\/\/savvusann.ee\/wp-content\/uploads\/2018\/04\/Pokumaa_Saun5_kalve.jpg","type":"image\/jpeg"}],"author":"veebimeister","twitter_card":"summary_large_image","twitter_misc":{"Written by":"veebimeister","Est. reading time":"1 minut"},"schema":{"@context":"https:\/\/schema.org","@graph":[{"@type":"Article","@id":"https:\/\/savvusann.ee\/et\/suidsusannapaiv-tulo-mardikuu-27-paaval-pokumaal\/#article","isPartOf":{"@id":"https:\/\/savvusann.ee\/et\/suidsusannapaiv-tulo-mardikuu-27-paaval-pokumaal\/"},"author":{"name":"veebimeister","@id":"https:\/\/savvusann.ee\/et\/#\/schema\/person\/1ea85d6c0c8d1528cfab3303ec25cbaa"},"headline":"Suidsusannap\u00e4iv tul\u00f5 m\u00e4rdikuu 27. p\u00e4\u00e4v\u00e4l Pokumaal","datePublished":"2014-10-27T21:11:38+00:00","dateModified":"2018-04-17T20:14:11+00:00","mainEntityOfPage":{"@id":"https:\/\/savvusann.ee\/et\/suidsusannapaiv-tulo-mardikuu-27-paaval-pokumaal\/"},"wordCount":226,"image":{"@id":"https:\/\/savvusann.ee\/et\/suidsusannapaiv-tulo-mardikuu-27-paaval-pokumaal\/#primaryimage"},"thumbnailUrl":"https:\/\/savvusann.ee\/wp-content\/uploads\/2018\/04\/Pokumaa_Saun5_kalve.jpg","articleSection":["Uudised"],"inLanguage":"et"},{"@type":"WebPage","@id":"https:\/\/savvusann.ee\/et\/suidsusannapaiv-tulo-mardikuu-27-paaval-pokumaal\/","url":"https:\/\/savvusann.ee\/et\/suidsusannapaiv-tulo-mardikuu-27-paaval-pokumaal\/","name":"Suidsusannap\u00e4iv tul\u00f5 m\u00e4rdikuu 27. p\u00e4\u00e4v\u00e4l Pokumaal - Savvusann","isPartOf":{"@id":"https:\/\/savvusann.ee\/et\/#website"},"primaryImageOfPage":{"@id":"https:\/\/savvusann.ee\/et\/suidsusannapaiv-tulo-mardikuu-27-paaval-pokumaal\/#primaryimage"},"image":{"@id":"https:\/\/savvusann.ee\/et\/suidsusannapaiv-tulo-mardikuu-27-paaval-pokumaal\/#primaryimage"},"thumbnailUrl":"https:\/\/savvusann.ee\/wp-content\/uploads\/2018\/04\/Pokumaa_Saun5_kalve.jpg","datePublished":"2014-10-27T21:11:38+00:00","dateModified":"2018-04-17T20:14:11+00:00","author":{"@id":"https:\/\/savvusann.ee\/et\/#\/schema\/person\/1ea85d6c0c8d1528cfab3303ec25cbaa"},"breadcrumb":{"@id":"https:\/\/savvusann.ee\/et\/suidsusannapaiv-tulo-mardikuu-27-paaval-pokumaal\/#breadcrumb"},"inLanguage":"et","potentialAction":[{"@type":"ReadAction","target":["https:\/\/savvusann.ee\/et\/suidsusannapaiv-tulo-mardikuu-27-paaval-pokumaal\/"]}]},{"@type":"ImageObject","inLanguage":"et","@id":"https:\/\/savvusann.ee\/et\/suidsusannapaiv-tulo-mardikuu-27-paaval-pokumaal\/#primaryimage","url":"https:\/\/savvusann.ee\/wp-content\/uploads\/2018\/04\/Pokumaa_Saun5_kalve.jpg","contentUrl":"https:\/\/savvusann.ee\/wp-content\/uploads\/2018\/04\/Pokumaa_Saun5_kalve.jpg","width":1503,"height":1000,"caption":"Pokumaa saun"},{"@type":"BreadcrumbList","@id":"https:\/\/savvusann.ee\/et\/suidsusannapaiv-tulo-mardikuu-27-paaval-pokumaal\/#breadcrumb","itemListElement":[{"@type":"ListItem","position":1,"name":"Home","item":"https:\/\/savvusann.ee\/et\/"},{"@type":"ListItem","position":2,"name":"Suidsusannap\u00e4iv tul\u00f5 m\u00e4rdikuu 27. p\u00e4\u00e4v\u00e4l Pokumaal"}]},{"@type":"WebSite","@id":"https:\/\/savvusann.ee\/et\/#website","url":"https:\/\/savvusann.ee\/et\/","name":"Savvusann","description":"Vana-V\u00f5romaa Savvusann","potentialAction":[{"@type":"SearchAction","target":{"@type":"EntryPoint","urlTemplate":"https:\/\/savvusann.ee\/et\/?s={search_term_string}"},"query-input":{"@type":"PropertyValueSpecification","valueRequired":true,"valueName":"search_term_string"}}],"inLanguage":"et"},{"@type":"Person","@id":"https:\/\/savvusann.ee\/et\/#\/schema\/person\/1ea85d6c0c8d1528cfab3303ec25cbaa","name":"veebimeister","image":{"@type":"ImageObject","inLanguage":"et","@id":"https:\/\/secure.gravatar.com\/avatar\/07d7287fd7838490ad7924b8f9cd4801552fa9aff79e74220df9318f7520ad81?s=96&d=mm&r=g","url":"https:\/\/secure.gravatar.com\/avatar\/07d7287fd7838490ad7924b8f9cd4801552fa9aff79e74220df9318f7520ad81?s=96&d=mm&r=g","contentUrl":"https:\/\/secure.gravatar.com\/avatar\/07d7287fd7838490ad7924b8f9cd4801552fa9aff79e74220df9318f7520ad81?s=96&d=mm&r=g","caption":"veebimeister"}}]}},"_links":{"self":[{"href":"https:\/\/savvusann.ee\/et\/wp-json\/wp\/v2\/posts\/466","targetHints":{"allow":["GET"]}}],"collection":[{"href":"https:\/\/savvusann.ee\/et\/wp-json\/wp\/v2\/posts"}],"about":[{"href":"https:\/\/savvusann.ee\/et\/wp-json\/wp\/v2\/types\/post"}],"author":[{"embeddable":true,"href":"https:\/\/savvusann.ee\/et\/wp-json\/wp\/v2\/users\/1"}],"replies":[{"embeddable":true,"href":"https:\/\/savvusann.ee\/et\/wp-json\/wp\/v2\/comments?post=466"}],"version-history":[{"count":1,"href":"https:\/\/savvusann.ee\/et\/wp-json\/wp\/v2\/posts\/466\/revisions"}],"predecessor-version":[{"id":469,"href":"https:\/\/savvusann.ee\/et\/wp-json\/wp\/v2\/posts\/466\/revisions\/469"}],"wp:featuredmedia":[{"embeddable":true,"href":"https:\/\/savvusann.ee\/et\/wp-json\/wp\/v2\/media\/468"}],"wp:attachment":[{"href":"https:\/\/savvusann.ee\/et\/wp-json\/wp\/v2\/media?parent=466"}],"wp:term":[{"taxonomy":"category","embeddable":true,"href":"https:\/\/savvusann.ee\/et\/wp-json\/wp\/v2\/categories?post=466"},{"taxonomy":"post_tag","embeddable":true,"href":"https:\/\/savvusann.ee\/et\/wp-json\/wp\/v2\/tags?post=466"}],"curies":[{"name":"wp","href":"https:\/\/api.w.org\/{rel}","templated":true}]}}