{"id":480,"date":"2015-03-31T23:23:10","date_gmt":"2015-03-31T20:23:10","guid":{"rendered":"http:\/\/savvusann.ee\/?p=480"},"modified":"2018-04-17T23:24:29","modified_gmt":"2018-04-17T20:24:29","slug":"moosten-sai-oppi-savvusanna-ragomist","status":"publish","type":"post","link":"https:\/\/savvusann.ee\/et\/moosten-sai-oppi-savvusanna-ragomist\/","title":{"rendered":"Moosten sai oppi savvusanna ragomist"},"content":{"rendered":"<p>Harju \u00dclle, Uma Leht<\/p>\n<p>Minev\u00e4 n\u00e4d\u00e4li oll\u2019 MT\u00dc Vanaajamaja Mooste opikeskus saagmis\u00f5 ja puurmis\u00f5 hell\u00fc t\u00e4\u00fcs \u2013 huvilids\u00f5 ops\u00f5 savvusanna ragomist.<\/p>\n<p>\u00abTaa oppus oll\u2019 p\u00e4\u00e4midselt v\u00e4ll\u00e4maalaisil\u00f5, a kats eesti miist olli kah pundih,\u00bb selet\u2019 oppust vid\u00e4n\u00fc vanaper\u00e4dse ehit\u00fcskunsti meistri Palolilli Margus (32). S\u00e4\u00e4ne rahvusvaih\u00f5lin\u00f5 palkhuun\u00f5 ragomis\u00f5 oppus oll\u2019 Moosten joba t\u00f5n\u00f5.<\/p>\n<p>\u00abSeost tul\u00f5 harilik L\u00f5una-Eesti sann ede- ja leiliruumiga,\u00bb k\u00f5n\u00f5l\u2019 Palolill opihuun\u00f5 kotsil\u00f5. Sannak\u00f5s\u00f5ga olli p\u00e4\u00e4le naanu paar eelmist opigruppi, seo punt sai kuvv\u00f5 p\u00e4\u00e4v\u00e4ga kats palgirita p\u00e4\u00e4le. Edesi l\u00e4tt sann j\u00e4rgm\u00e4dse opipundi k\u00e4tte.<\/p>\n<p>\u00abKats opnut miist tenn\u00fc \u00fcte ria \u00fcte p\u00e4\u00e4v\u00e4ga,\u00bb hinnas\u2019 Palolill opilaisi ja meistride t\u00fc\u00fc vaiht. \u00abTaa t\u00fc\u00fc tundu opilaisil\u00f5 inne lihts\u00e4mb, ku periselt oll\u2019. No ega ma ei oppa kehv\u00e4ste tegem\u00e4 kah, iks p\u00fcvv\u00e4 k\u00f5rdapite opada ja sis om vaiva muidoki hulga rohk\u00f5mb.\u00bb<\/p>\n<p>Kuus aastakka palkhuun\u00f5 ragomist opanu Palolilli Margus hinnas\u2019, et algajal\u00f5 om k\u00f5g\u00f5 rass\u00f5mb moodorsae hoitmin\u00f5 ja tuuga t\u00fc\u00fctegemine. \u00abEsiki ku ol\u00f5t m\u00f5tsat\u00fc\u00fcd tenn\u00fc, om seo t\u00fc\u00fc t\u00f5istmuudu ja pi\u00e4t \u00fcmbre opma.\u00bb<\/p>\n<p>\u00abMul om L\u00e4\u00e4ne-Virumaal Laekveren vanavan\u00f5mbid\u00f5 k\u00e4est per\u00e4nd\u00fcses saad rehetar\u00f5, mille alomads\u00f5 palgiria pi\u00e4t \u00e4r vahetama,\u00bb p\u00f5hj\u00f5nd\u2019 opma tul\u00f5mist tul\u00f5van\u00f5 (6. mahlakuust p\u00e4\u00e4le) muinsuskaits\u00f5amm\u00f5di p\u00e4\u00e4direktri Raie Siim (37), ki\u00e4 inne presidendi kantselei t\u00fc\u00fcd juhts\u00f5.<\/p>\n<p>Kivi\u00f5list peri Siim om opnu ka pottsep\u00e4t\u00fc\u00fcd ja maakiviehit\u00fcst, tsiht om esi uma rehetar\u00f5 k\u00f5rda tet\u00e4.<\/p>\n<p>T\u00e4 \u00fctles, et eg\u00e4\u00fcts v\u00f5issi v\u00f5tta aigu ja m\u00e4rki asjo p\u00e4\u00e4le, mille n\u00e4 omma per\u00e4nd\u00fcses saanu. \u00abK\u00fcs\u00fcm\u00fcs ei ol\u00f5 m\u00fc\u00fcblin, oll\u00f5kapan vai hob\u00f5s\u00f5vankrin, a tuun, mid\u00e4 n\u00e4 meile t\u00e4hend\u00e4se,\u00bb k\u00f5n\u00f5l\u2019 t\u00e4. \u00abMi ei hoia objekte, a n\u00e4ide t\u00e4hend\u00fcst. Ku asi t\u00e4hend\u00e4s perre- vai kogokunnal\u00f5 mid\u00e4gi, sis tul\u00f5ssi seo alal\u00f5 hoita.\u00bb<\/p>\n<p>V\u00f5rok\u00f5isil\u00f5 \u00fctel\u2019 muinsuskaits\u00f5amm\u00f5di tul\u00f5van\u00f5 juht, et savvusannaper\u00e4ndi UNESCO ilmaper\u00e4ndi nimekirja saamin\u00f5 om h\u00e4\u00e4 kotus, kost naada hind\u00e4 jaos per\u00e4ndit vallal\u00f5 selet\u00e4m\u00e4. \u00abKu terve ilm arvas, et sannaper\u00e4nd om mi k\u00f5iki \u00fctine per\u00e4nd, hiinlaisi uma kah, sis om vast V\u00f5romaal viil mid\u00e4gi, mi\u00e4 s\u00e4ndse pilguga kaemist v\u00e4\u00e4rt om.\u00bb<\/p>\n<p>V\u00e4ll\u00e4maalaisil\u00f5 oll\u2019 oppus in\u00e4mb s\u00e4\u00e4ne tek\u00fcs ja p\u00f5nn\u00f5v puhkamis\u00f5 viis. Et puut\u00fc\u00fckunst om eg\u00e4l maal esisuguman\u00f5, sis jakku huvvi ka opnuil puuseppil. \u00abP\u00f5h\u2019amai\u00f5h om palkhuun\u00f5 ragomis\u00f5 komm\u00f5 pik\u00e4lt alal\u00f5 hoitu ja in\u00e4mb l\u00e4bi m\u00e4rgit\u00fc,\u00bb \u00fctel\u2019 Palolilli Margus. \u00abAmeerikah ehited\u00e4s k\u00fclh palgist, a vara ei tet\u00e4, pandas palgi \u00fctst\u00f5s\u00f5 p\u00e4\u00e4le ja m\u00e4tsit\u00e4s lihts\u00e4le savi ja muu s\u00e4ndsega kinni. Ingl\u00fcsmaal ehited\u00e4s p\u00e4\u00e4midselt pruss\u00f5st.\u00bb<\/p>\n<p>\u00abTaha saia tsipak\u00f5s\u00f5 teed\u00e4 v\u00e4iku puuhuun\u00f5 ehit\u00e4mise kotsil\u00f5 ja ka tiidmiisi Eestist,\u00bb selet\u2019 Londoni liinavalitsus\u00f5 amm\u00f5tnik Huw Davies (42) tuud, mille t\u00e4 s\u00f5it\u2019 Moostehe sannaragomist opma. \u00abTii muido kontorit\u00fc\u00fcd ja seo om h\u00e4\u00e4 vahelus lavva takan istmis\u00f5l\u00f5. Ma ei usu, et tul\u00f5 v\u00f5imalus Londonihe s\u00e4\u00e4ne sannak\u00f5n\u00f5 pist\u00fc panda!\u00bb<\/p>\n<p>Uma Leht nr 331<\/p>\n<p>31.03.2015<\/p>\n","protected":false},"excerpt":{"rendered":"<p>Harju \u00dclle, Uma Leht Minev\u00e4 n\u00e4d\u00e4li oll\u2019 MT\u00dc Vanaajamaja Mooste opikeskus saagmis\u00f5 ja puurmis\u00f5 hell\u00fc t\u00e4\u00fcs \u2013 huvilids\u00f5 ops\u00f5 savvusanna ragomist. \u00abTaa oppus oll\u2019 p\u00e4\u00e4midselt [&hellip;]<\/p>\n","protected":false},"author":1,"featured_media":481,"comment_status":"closed","ping_status":"closed","sticky":false,"template":"","format":"standard","meta":{"footnotes":""},"categories":[1],"tags":[],"class_list":["post-480","post","type-post","status-publish","format-standard","has-post-thumbnail","hentry","category-uudised"],"yoast_head":"<!-- This site is optimized with the Yoast SEO plugin v27.4 - https:\/\/yoast.com\/product\/yoast-seo-wordpress\/ -->\n<title>Moosten sai oppi savvusanna ragomist - Savvusann<\/title>\n<meta name=\"robots\" content=\"index, follow, max-snippet:-1, max-image-preview:large, max-video-preview:-1\" \/>\n<link rel=\"canonical\" href=\"https:\/\/savvusann.ee\/et\/moosten-sai-oppi-savvusanna-ragomist\/\" \/>\n<meta property=\"og:locale\" content=\"et_EE\" \/>\n<meta property=\"og:type\" content=\"article\" \/>\n<meta property=\"og:title\" content=\"Moosten sai oppi savvusanna ragomist - Savvusann\" \/>\n<meta property=\"og:description\" content=\"Harju \u00dclle, Uma Leht Minev\u00e4 n\u00e4d\u00e4li oll\u2019 MT\u00dc Vanaajamaja Mooste opikeskus saagmis\u00f5 ja puurmis\u00f5 hell\u00fc t\u00e4\u00fcs \u2013 huvilids\u00f5 ops\u00f5 savvusanna ragomist. \u00abTaa oppus oll\u2019 p\u00e4\u00e4midselt [&hellip;]\" \/>\n<meta property=\"og:url\" content=\"https:\/\/savvusann.ee\/et\/moosten-sai-oppi-savvusanna-ragomist\/\" \/>\n<meta property=\"og:site_name\" content=\"Savvusann\" \/>\n<meta property=\"article:published_time\" content=\"2015-03-31T20:23:10+00:00\" \/>\n<meta property=\"article:modified_time\" content=\"2018-04-17T20:24:29+00:00\" \/>\n<meta property=\"og:image\" content=\"https:\/\/savvusann.ee\/wp-content\/uploads\/2018\/04\/opatas-tapi-tegemist_harju-ylle-pilt.jpg\" \/>\n\t<meta property=\"og:image:width\" content=\"400\" \/>\n\t<meta property=\"og:image:height\" content=\"293\" \/>\n\t<meta property=\"og:image:type\" content=\"image\/jpeg\" \/>\n<meta name=\"author\" content=\"veebimeister\" \/>\n<meta name=\"twitter:card\" content=\"summary_large_image\" \/>\n<meta name=\"twitter:label1\" content=\"Written by\" \/>\n\t<meta name=\"twitter:data1\" content=\"veebimeister\" \/>\n\t<meta name=\"twitter:label2\" content=\"Est. reading time\" \/>\n\t<meta name=\"twitter:data2\" content=\"3 minutit\" \/>\n<script type=\"application\/ld+json\" class=\"yoast-schema-graph\">{\"@context\":\"https:\\\/\\\/schema.org\",\"@graph\":[{\"@type\":\"Article\",\"@id\":\"https:\\\/\\\/savvusann.ee\\\/et\\\/moosten-sai-oppi-savvusanna-ragomist\\\/#article\",\"isPartOf\":{\"@id\":\"https:\\\/\\\/savvusann.ee\\\/et\\\/moosten-sai-oppi-savvusanna-ragomist\\\/\"},\"author\":{\"name\":\"veebimeister\",\"@id\":\"https:\\\/\\\/savvusann.ee\\\/et\\\/#\\\/schema\\\/person\\\/1ea85d6c0c8d1528cfab3303ec25cbaa\"},\"headline\":\"Moosten sai oppi savvusanna ragomist\",\"datePublished\":\"2015-03-31T20:23:10+00:00\",\"dateModified\":\"2018-04-17T20:24:29+00:00\",\"mainEntityOfPage\":{\"@id\":\"https:\\\/\\\/savvusann.ee\\\/et\\\/moosten-sai-oppi-savvusanna-ragomist\\\/\"},\"wordCount\":555,\"image\":{\"@id\":\"https:\\\/\\\/savvusann.ee\\\/et\\\/moosten-sai-oppi-savvusanna-ragomist\\\/#primaryimage\"},\"thumbnailUrl\":\"https:\\\/\\\/savvusann.ee\\\/wp-content\\\/uploads\\\/2018\\\/04\\\/opatas-tapi-tegemist_harju-ylle-pilt.jpg\",\"articleSection\":[\"Uudised\"],\"inLanguage\":\"et\"},{\"@type\":\"WebPage\",\"@id\":\"https:\\\/\\\/savvusann.ee\\\/et\\\/moosten-sai-oppi-savvusanna-ragomist\\\/\",\"url\":\"https:\\\/\\\/savvusann.ee\\\/et\\\/moosten-sai-oppi-savvusanna-ragomist\\\/\",\"name\":\"Moosten sai oppi savvusanna ragomist - Savvusann\",\"isPartOf\":{\"@id\":\"https:\\\/\\\/savvusann.ee\\\/et\\\/#website\"},\"primaryImageOfPage\":{\"@id\":\"https:\\\/\\\/savvusann.ee\\\/et\\\/moosten-sai-oppi-savvusanna-ragomist\\\/#primaryimage\"},\"image\":{\"@id\":\"https:\\\/\\\/savvusann.ee\\\/et\\\/moosten-sai-oppi-savvusanna-ragomist\\\/#primaryimage\"},\"thumbnailUrl\":\"https:\\\/\\\/savvusann.ee\\\/wp-content\\\/uploads\\\/2018\\\/04\\\/opatas-tapi-tegemist_harju-ylle-pilt.jpg\",\"datePublished\":\"2015-03-31T20:23:10+00:00\",\"dateModified\":\"2018-04-17T20:24:29+00:00\",\"author\":{\"@id\":\"https:\\\/\\\/savvusann.ee\\\/et\\\/#\\\/schema\\\/person\\\/1ea85d6c0c8d1528cfab3303ec25cbaa\"},\"breadcrumb\":{\"@id\":\"https:\\\/\\\/savvusann.ee\\\/et\\\/moosten-sai-oppi-savvusanna-ragomist\\\/#breadcrumb\"},\"inLanguage\":\"et\",\"potentialAction\":[{\"@type\":\"ReadAction\",\"target\":[\"https:\\\/\\\/savvusann.ee\\\/et\\\/moosten-sai-oppi-savvusanna-ragomist\\\/\"]}]},{\"@type\":\"ImageObject\",\"inLanguage\":\"et\",\"@id\":\"https:\\\/\\\/savvusann.ee\\\/et\\\/moosten-sai-oppi-savvusanna-ragomist\\\/#primaryimage\",\"url\":\"https:\\\/\\\/savvusann.ee\\\/wp-content\\\/uploads\\\/2018\\\/04\\\/opatas-tapi-tegemist_harju-ylle-pilt.jpg\",\"contentUrl\":\"https:\\\/\\\/savvusann.ee\\\/wp-content\\\/uploads\\\/2018\\\/04\\\/opatas-tapi-tegemist_harju-ylle-pilt.jpg\",\"width\":400,\"height\":293,\"caption\":\"Moosten sai oppi savvusanna ragomist\"},{\"@type\":\"BreadcrumbList\",\"@id\":\"https:\\\/\\\/savvusann.ee\\\/et\\\/moosten-sai-oppi-savvusanna-ragomist\\\/#breadcrumb\",\"itemListElement\":[{\"@type\":\"ListItem\",\"position\":1,\"name\":\"Home\",\"item\":\"https:\\\/\\\/savvusann.ee\\\/et\\\/\"},{\"@type\":\"ListItem\",\"position\":2,\"name\":\"Moosten sai oppi savvusanna ragomist\"}]},{\"@type\":\"WebSite\",\"@id\":\"https:\\\/\\\/savvusann.ee\\\/et\\\/#website\",\"url\":\"https:\\\/\\\/savvusann.ee\\\/et\\\/\",\"name\":\"Savvusann\",\"description\":\"Vana-V\u00f5romaa Savvusann\",\"potentialAction\":[{\"@type\":\"SearchAction\",\"target\":{\"@type\":\"EntryPoint\",\"urlTemplate\":\"https:\\\/\\\/savvusann.ee\\\/et\\\/?s={search_term_string}\"},\"query-input\":{\"@type\":\"PropertyValueSpecification\",\"valueRequired\":true,\"valueName\":\"search_term_string\"}}],\"inLanguage\":\"et\"},{\"@type\":\"Person\",\"@id\":\"https:\\\/\\\/savvusann.ee\\\/et\\\/#\\\/schema\\\/person\\\/1ea85d6c0c8d1528cfab3303ec25cbaa\",\"name\":\"veebimeister\",\"image\":{\"@type\":\"ImageObject\",\"inLanguage\":\"et\",\"@id\":\"https:\\\/\\\/secure.gravatar.com\\\/avatar\\\/07d7287fd7838490ad7924b8f9cd4801552fa9aff79e74220df9318f7520ad81?s=96&d=mm&r=g\",\"url\":\"https:\\\/\\\/secure.gravatar.com\\\/avatar\\\/07d7287fd7838490ad7924b8f9cd4801552fa9aff79e74220df9318f7520ad81?s=96&d=mm&r=g\",\"contentUrl\":\"https:\\\/\\\/secure.gravatar.com\\\/avatar\\\/07d7287fd7838490ad7924b8f9cd4801552fa9aff79e74220df9318f7520ad81?s=96&d=mm&r=g\",\"caption\":\"veebimeister\"}}]}<\/script>\n<!-- \/ Yoast SEO plugin. -->","yoast_head_json":{"title":"Moosten sai oppi savvusanna ragomist - Savvusann","robots":{"index":"index","follow":"follow","max-snippet":"max-snippet:-1","max-image-preview":"max-image-preview:large","max-video-preview":"max-video-preview:-1"},"canonical":"https:\/\/savvusann.ee\/et\/moosten-sai-oppi-savvusanna-ragomist\/","og_locale":"et_EE","og_type":"article","og_title":"Moosten sai oppi savvusanna ragomist - Savvusann","og_description":"Harju \u00dclle, Uma Leht Minev\u00e4 n\u00e4d\u00e4li oll\u2019 MT\u00dc Vanaajamaja Mooste opikeskus saagmis\u00f5 ja puurmis\u00f5 hell\u00fc t\u00e4\u00fcs \u2013 huvilids\u00f5 ops\u00f5 savvusanna ragomist. \u00abTaa oppus oll\u2019 p\u00e4\u00e4midselt [&hellip;]","og_url":"https:\/\/savvusann.ee\/et\/moosten-sai-oppi-savvusanna-ragomist\/","og_site_name":"Savvusann","article_published_time":"2015-03-31T20:23:10+00:00","article_modified_time":"2018-04-17T20:24:29+00:00","og_image":[{"width":400,"height":293,"url":"https:\/\/savvusann.ee\/wp-content\/uploads\/2018\/04\/opatas-tapi-tegemist_harju-ylle-pilt.jpg","type":"image\/jpeg"}],"author":"veebimeister","twitter_card":"summary_large_image","twitter_misc":{"Written by":"veebimeister","Est. reading time":"3 minutit"},"schema":{"@context":"https:\/\/schema.org","@graph":[{"@type":"Article","@id":"https:\/\/savvusann.ee\/et\/moosten-sai-oppi-savvusanna-ragomist\/#article","isPartOf":{"@id":"https:\/\/savvusann.ee\/et\/moosten-sai-oppi-savvusanna-ragomist\/"},"author":{"name":"veebimeister","@id":"https:\/\/savvusann.ee\/et\/#\/schema\/person\/1ea85d6c0c8d1528cfab3303ec25cbaa"},"headline":"Moosten sai oppi savvusanna ragomist","datePublished":"2015-03-31T20:23:10+00:00","dateModified":"2018-04-17T20:24:29+00:00","mainEntityOfPage":{"@id":"https:\/\/savvusann.ee\/et\/moosten-sai-oppi-savvusanna-ragomist\/"},"wordCount":555,"image":{"@id":"https:\/\/savvusann.ee\/et\/moosten-sai-oppi-savvusanna-ragomist\/#primaryimage"},"thumbnailUrl":"https:\/\/savvusann.ee\/wp-content\/uploads\/2018\/04\/opatas-tapi-tegemist_harju-ylle-pilt.jpg","articleSection":["Uudised"],"inLanguage":"et"},{"@type":"WebPage","@id":"https:\/\/savvusann.ee\/et\/moosten-sai-oppi-savvusanna-ragomist\/","url":"https:\/\/savvusann.ee\/et\/moosten-sai-oppi-savvusanna-ragomist\/","name":"Moosten sai oppi savvusanna ragomist - Savvusann","isPartOf":{"@id":"https:\/\/savvusann.ee\/et\/#website"},"primaryImageOfPage":{"@id":"https:\/\/savvusann.ee\/et\/moosten-sai-oppi-savvusanna-ragomist\/#primaryimage"},"image":{"@id":"https:\/\/savvusann.ee\/et\/moosten-sai-oppi-savvusanna-ragomist\/#primaryimage"},"thumbnailUrl":"https:\/\/savvusann.ee\/wp-content\/uploads\/2018\/04\/opatas-tapi-tegemist_harju-ylle-pilt.jpg","datePublished":"2015-03-31T20:23:10+00:00","dateModified":"2018-04-17T20:24:29+00:00","author":{"@id":"https:\/\/savvusann.ee\/et\/#\/schema\/person\/1ea85d6c0c8d1528cfab3303ec25cbaa"},"breadcrumb":{"@id":"https:\/\/savvusann.ee\/et\/moosten-sai-oppi-savvusanna-ragomist\/#breadcrumb"},"inLanguage":"et","potentialAction":[{"@type":"ReadAction","target":["https:\/\/savvusann.ee\/et\/moosten-sai-oppi-savvusanna-ragomist\/"]}]},{"@type":"ImageObject","inLanguage":"et","@id":"https:\/\/savvusann.ee\/et\/moosten-sai-oppi-savvusanna-ragomist\/#primaryimage","url":"https:\/\/savvusann.ee\/wp-content\/uploads\/2018\/04\/opatas-tapi-tegemist_harju-ylle-pilt.jpg","contentUrl":"https:\/\/savvusann.ee\/wp-content\/uploads\/2018\/04\/opatas-tapi-tegemist_harju-ylle-pilt.jpg","width":400,"height":293,"caption":"Moosten sai oppi savvusanna ragomist"},{"@type":"BreadcrumbList","@id":"https:\/\/savvusann.ee\/et\/moosten-sai-oppi-savvusanna-ragomist\/#breadcrumb","itemListElement":[{"@type":"ListItem","position":1,"name":"Home","item":"https:\/\/savvusann.ee\/et\/"},{"@type":"ListItem","position":2,"name":"Moosten sai oppi savvusanna ragomist"}]},{"@type":"WebSite","@id":"https:\/\/savvusann.ee\/et\/#website","url":"https:\/\/savvusann.ee\/et\/","name":"Savvusann","description":"Vana-V\u00f5romaa Savvusann","potentialAction":[{"@type":"SearchAction","target":{"@type":"EntryPoint","urlTemplate":"https:\/\/savvusann.ee\/et\/?s={search_term_string}"},"query-input":{"@type":"PropertyValueSpecification","valueRequired":true,"valueName":"search_term_string"}}],"inLanguage":"et"},{"@type":"Person","@id":"https:\/\/savvusann.ee\/et\/#\/schema\/person\/1ea85d6c0c8d1528cfab3303ec25cbaa","name":"veebimeister","image":{"@type":"ImageObject","inLanguage":"et","@id":"https:\/\/secure.gravatar.com\/avatar\/07d7287fd7838490ad7924b8f9cd4801552fa9aff79e74220df9318f7520ad81?s=96&d=mm&r=g","url":"https:\/\/secure.gravatar.com\/avatar\/07d7287fd7838490ad7924b8f9cd4801552fa9aff79e74220df9318f7520ad81?s=96&d=mm&r=g","contentUrl":"https:\/\/secure.gravatar.com\/avatar\/07d7287fd7838490ad7924b8f9cd4801552fa9aff79e74220df9318f7520ad81?s=96&d=mm&r=g","caption":"veebimeister"}}]}},"_links":{"self":[{"href":"https:\/\/savvusann.ee\/et\/wp-json\/wp\/v2\/posts\/480","targetHints":{"allow":["GET"]}}],"collection":[{"href":"https:\/\/savvusann.ee\/et\/wp-json\/wp\/v2\/posts"}],"about":[{"href":"https:\/\/savvusann.ee\/et\/wp-json\/wp\/v2\/types\/post"}],"author":[{"embeddable":true,"href":"https:\/\/savvusann.ee\/et\/wp-json\/wp\/v2\/users\/1"}],"replies":[{"embeddable":true,"href":"https:\/\/savvusann.ee\/et\/wp-json\/wp\/v2\/comments?post=480"}],"version-history":[{"count":1,"href":"https:\/\/savvusann.ee\/et\/wp-json\/wp\/v2\/posts\/480\/revisions"}],"predecessor-version":[{"id":482,"href":"https:\/\/savvusann.ee\/et\/wp-json\/wp\/v2\/posts\/480\/revisions\/482"}],"wp:featuredmedia":[{"embeddable":true,"href":"https:\/\/savvusann.ee\/et\/wp-json\/wp\/v2\/media\/481"}],"wp:attachment":[{"href":"https:\/\/savvusann.ee\/et\/wp-json\/wp\/v2\/media?parent=480"}],"wp:term":[{"taxonomy":"category","embeddable":true,"href":"https:\/\/savvusann.ee\/et\/wp-json\/wp\/v2\/categories?post=480"},{"taxonomy":"post_tag","embeddable":true,"href":"https:\/\/savvusann.ee\/et\/wp-json\/wp\/v2\/tags?post=480"}],"curies":[{"name":"wp","href":"https:\/\/api.w.org\/{rel}","templated":true}]}}